{"id":275079,"date":"2024-02-20T16:21:05","date_gmt":"2024-02-20T15:21:05","guid":{"rendered":"https:\/\/www.evearly.news\/fr\/face-a-la-transition-electrique-cet-equipementier-automobile-doit-supprimer-10-000-emplois\/"},"modified":"2024-02-20T16:21:05","modified_gmt":"2024-02-20T15:21:05","slug":"face-a-la-transition-electrique-cet-equipementier-automobile-doit-supprimer-10-000-emplois","status":"publish","type":"post","link":"https:\/\/www.evearly.news\/fr\/face-a-la-transition-electrique-cet-equipementier-automobile-doit-supprimer-10-000-emplois\/","title":{"rendered":"Face \u00e0 la transition \u00e9lectrique, cet \u00e9quipementier automobile doit supprimer 10 000 emplois"},"content":{"rendered":"<p><img decoding=\"async\" width=\"500\" height=\"333\" src=\"https:\/\/www.evearly.news\/fr\/wp-content\/uploads\/sites\/6\/2024\/02\/face-a-la-transition-electrique-cet-equipementier-automobile-doit-supprimer-10-000-emplois.jpg\" class=\"attachment-1200x800 size-1200x800 wp-post-image\" alt=\"\" loading=\"lazy\" srcset=\"https:\/\/www.evearly.news\/fr\/wp-content\/uploads\/sites\/6\/2024\/02\/face-a-la-transition-electrique-cet-equipementier-automobile-doit-supprimer-10-000-emplois.jpg 1536w, https:\/\/www.evearly.news\/fr\/wp-content\/uploads\/sites\/6\/2024\/02\/face-a-la-transition-electrique-cet-equipementier-automobile-doit-supprimer-10-000-emplois-1.jpg 1640w, https:\/\/www.evearly.news\/fr\/wp-content\/uploads\/sites\/6\/2024\/02\/face-a-la-transition-electrique-cet-equipementier-automobile-doit-supprimer-10-000-emplois-2.jpg 1024w, https:\/\/www.evearly.news\/fr\/wp-content\/uploads\/sites\/6\/2024\/02\/face-a-la-transition-electrique-cet-equipementier-automobile-doit-supprimer-10-000-emplois-3.jpg 140w, https:\/\/www.evearly.news\/fr\/wp-content\/uploads\/sites\/6\/2024\/02\/face-a-la-transition-electrique-cet-equipementier-automobile-doit-supprimer-10-000-emplois-4.jpg 768w, https:\/\/www.evearly.news\/fr\/wp-content\/uploads\/sites\/6\/2024\/02\/face-a-la-transition-electrique-cet-equipementier-automobile-doit-supprimer-10-000-emplois-5.jpg 620w, https:\/\/www.evearly.news\/fr\/wp-content\/uploads\/sites\/6\/2024\/02\/face-a-la-transition-electrique-cet-equipementier-automobile-doit-supprimer-10-000-emplois-6.jpg 100w, https:\/\/www.evearly.news\/fr\/wp-content\/uploads\/sites\/6\/2024\/02\/face-a-la-transition-electrique-cet-equipementier-automobile-doit-supprimer-10-000-emplois-7.jpg 190w, https:\/\/www.evearly.news\/fr\/wp-content\/uploads\/sites\/6\/2024\/02\/face-a-la-transition-electrique-cet-equipementier-automobile-doit-supprimer-10-000-emplois-8.jpg 600w, https:\/\/cdn.automobile-propre.com\/uploads\/2024\/02\/forvia-europe.jpeg 2000w\" sizes=\"auto, (max-width: 1200px) 100vw, 1200px\" \/><br \/>\nForvia, un \u00e9quipementier automobile qui travaille avec Stellantis, Volkswagen, Tesla ou encore Ford, va supprimer 10 000 emplois en Europe\u2026\u00a0<a href=\"https:\/\/www.automobile-propre.com\/cet-equipementier-automobile-va-supprimer-10-000-emplois-en-europe\/\" target='bwindow' rel=\"noopener\">Lire la suite&#8230;<\/a><\/p>\n","protected":false},"excerpt":{"rendered":"<p>&#8230; <a class=\"continue-reading-link\" href=\"https:\/\/www.evearly.news\/fr\/face-a-la-transition-electrique-cet-equipementier-automobile-doit-supprimer-10-000-emplois\/\"><\/a><\/p>\n","protected":false},"author":8,"featured_media":275080,"comment_status":"closed","ping_status":"open","sticky":false,"template":"Default","format":"standard","meta":{"footnotes":""},"categories":[8],"tags":[],"class_list":["post-275079","post","type-post","status-publish","format-standard","has-post-thumbnail","hentry","category-automobile-propre"],"_links":{"self":[{"href":"https:\/\/www.evearly.news\/fr\/wp-json\/wp\/v2\/posts\/275079","targetHints":{"allow":["GET"]}}],"collection":[{"href":"https:\/\/www.evearly.news\/fr\/wp-json\/wp\/v2\/posts"}],"about":[{"href":"https:\/\/www.evearly.news\/fr\/wp-json\/wp\/v2\/types\/post"}],"author":[{"embeddable":true,"href":"https:\/\/www.evearly.news\/fr\/wp-json\/wp\/v2\/users\/8"}],"replies":[{"embeddable":true,"href":"https:\/\/www.evearly.news\/fr\/wp-json\/wp\/v2\/comments?post=275079"}],"version-history":[{"count":0,"href":"https:\/\/www.evearly.news\/fr\/wp-json\/wp\/v2\/posts\/275079\/revisions"}],"wp:featuredmedia":[{"embeddable":true,"href":"https:\/\/www.evearly.news\/fr\/wp-json\/wp\/v2\/media\/275080"}],"wp:attachment":[{"href":"https:\/\/www.evearly.news\/fr\/wp-json\/wp\/v2\/media?parent=275079"}],"wp:term":[{"taxonomy":"category","embeddable":true,"href":"https:\/\/www.evearly.news\/fr\/wp-json\/wp\/v2\/categories?post=275079"},{"taxonomy":"post_tag","embeddable":true,"href":"https:\/\/www.evearly.news\/fr\/wp-json\/wp\/v2\/tags?post=275079"}],"curies":[{"name":"wp","href":"https:\/\/api.w.org\/{rel}","templated":true}]}}