{"id":275101,"date":"2024-02-20T20:20:08","date_gmt":"2024-02-20T19:20:08","guid":{"rendered":"https:\/\/www.evearly.news\/fr\/volvo-change-les-noms-de-ses-suv-compacts-electriques-en-pleine-carriere\/"},"modified":"2024-02-20T20:20:08","modified_gmt":"2024-02-20T19:20:08","slug":"volvo-change-les-noms-de-ses-suv-compacts-electriques-en-pleine-carriere","status":"publish","type":"post","link":"https:\/\/www.evearly.news\/fr\/volvo-change-les-noms-de-ses-suv-compacts-electriques-en-pleine-carriere\/","title":{"rendered":"Volvo change les noms de ses SUV compacts \u00e9lectriques en pleine carri\u00e8re"},"content":{"rendered":"<p><img decoding=\"async\" src=\"https:\/\/www.evearly.news\/fr\/wp-content\/uploads\/sites\/6\/2024\/02\/volvo-change-les-noms-de-ses-suv-compacts-electriques-en-pleine-carriere.webp\" alt=\"auto-moto\"><br \/>Volvo d\u00e9cide de remettre de l\u2019ordre dans ses appellations, en s\u00e9parant encore plus ses mod\u00e8les \u00e9lectriques de ses mod\u00e8les thermiques. Ainsi, les SUV compacts XC40 et C40 deviennent EX40 et EC40 lorsqu\u2019ils sont \u00e0 \u00e9nergie \u00e9lectrique, comme les EX30 et EX90. <a href=\"https:\/\/www.auto-moto.com\/electrique\/volvo-change-les-noms-de-ses-suv-compacts-electriques-en-pleine-carriere-30219\" target=\"blank\" rel=\"noopener\">Lire la suite&#8230;<\/a><\/p>\n","protected":false},"excerpt":{"rendered":"<p>Volvo d\u00e9cide de remettre de l\u2019ordre dans ses appellations, en s\u00e9parant encore plus ses mod\u00e8les \u00e9lectriques de ses mod\u00e8les thermiques. Ainsi, les SUV compacts XC40 et C40 deviennent EX40 et EC40 lorsqu\u2019ils sont \u00e0 \u00e9nergie \u00e9lectrique, comme les EX30 et EX90&#8230;. <a class=\"continue-reading-link\" href=\"https:\/\/www.evearly.news\/fr\/volvo-change-les-noms-de-ses-suv-compacts-electriques-en-pleine-carriere\/\"><\/a><\/p>\n","protected":false},"author":9,"featured_media":275102,"comment_status":"closed","ping_status":"open","sticky":false,"template":"Default","format":"standard","meta":{"footnotes":""},"categories":[10],"tags":[],"class_list":["post-275101","post","type-post","status-publish","format-standard","has-post-thumbnail","hentry","category-auto-moto-com"],"_links":{"self":[{"href":"https:\/\/www.evearly.news\/fr\/wp-json\/wp\/v2\/posts\/275101","targetHints":{"allow":["GET"]}}],"collection":[{"href":"https:\/\/www.evearly.news\/fr\/wp-json\/wp\/v2\/posts"}],"about":[{"href":"https:\/\/www.evearly.news\/fr\/wp-json\/wp\/v2\/types\/post"}],"author":[{"embeddable":true,"href":"https:\/\/www.evearly.news\/fr\/wp-json\/wp\/v2\/users\/9"}],"replies":[{"embeddable":true,"href":"https:\/\/www.evearly.news\/fr\/wp-json\/wp\/v2\/comments?post=275101"}],"version-history":[{"count":0,"href":"https:\/\/www.evearly.news\/fr\/wp-json\/wp\/v2\/posts\/275101\/revisions"}],"wp:featuredmedia":[{"embeddable":true,"href":"https:\/\/www.evearly.news\/fr\/wp-json\/wp\/v2\/media\/275102"}],"wp:attachment":[{"href":"https:\/\/www.evearly.news\/fr\/wp-json\/wp\/v2\/media?parent=275101"}],"wp:term":[{"taxonomy":"category","embeddable":true,"href":"https:\/\/www.evearly.news\/fr\/wp-json\/wp\/v2\/categories?post=275101"},{"taxonomy":"post_tag","embeddable":true,"href":"https:\/\/www.evearly.news\/fr\/wp-json\/wp\/v2\/tags?post=275101"}],"curies":[{"name":"wp","href":"https:\/\/api.w.org\/{rel}","templated":true}]}}