{"id":275118,"date":"2024-02-21T08:21:07","date_gmt":"2024-02-21T07:21:07","guid":{"rendered":"https:\/\/www.evearly.news\/fr\/video-dacia-spring-2024-voici-tout-ce-qui-change-avec-un-tres-gros-restylage\/"},"modified":"2024-02-21T08:21:07","modified_gmt":"2024-02-21T07:21:07","slug":"video-dacia-spring-2024-voici-tout-ce-qui-change-avec-un-tres-gros-restylage","status":"publish","type":"post","link":"https:\/\/www.evearly.news\/fr\/video-dacia-spring-2024-voici-tout-ce-qui-change-avec-un-tres-gros-restylage\/","title":{"rendered":"Vid\u00e9o \u2013 Dacia Spring 2024 : voici tout ce qui change avec un tr\u00e8s gros restylage"},"content":{"rendered":"<p><img decoding=\"async\" width=\"500\" height=\"333\" src=\"https:\/\/www.evearly.news\/fr\/wp-content\/uploads\/sites\/6\/2024\/02\/video-dacia-spring-2024-voici-tout-ce-qui-change-avec-un-tres-gros-restylage.jpg\" class=\"attachment-1200x800 size-1200x800 wp-post-image\" alt=\"\" loading=\"lazy\" srcset=\"https:\/\/www.evearly.news\/fr\/wp-content\/uploads\/sites\/6\/2024\/02\/video-dacia-spring-2024-voici-tout-ce-qui-change-avec-un-tres-gros-restylage.jpg 2000w, https:\/\/www.evearly.news\/fr\/wp-content\/uploads\/sites\/6\/2024\/02\/video-dacia-spring-2024-voici-tout-ce-qui-change-avec-un-tres-gros-restylage-1.jpg 1640w, https:\/\/www.evearly.news\/fr\/wp-content\/uploads\/sites\/6\/2024\/02\/video-dacia-spring-2024-voici-tout-ce-qui-change-avec-un-tres-gros-restylage-2.jpg 1024w, https:\/\/www.evearly.news\/fr\/wp-content\/uploads\/sites\/6\/2024\/02\/video-dacia-spring-2024-voici-tout-ce-qui-change-avec-un-tres-gros-restylage-3.jpg 768w, https:\/\/www.evearly.news\/fr\/wp-content\/uploads\/sites\/6\/2024\/02\/video-dacia-spring-2024-voici-tout-ce-qui-change-avec-un-tres-gros-restylage-4.jpg 1536w, https:\/\/cdn.automobile-propre.com\/uploads\/2024\/02\/Presentation-Dacia-Spring-2024-4_3-551x413.jpg 551w\" sizes=\"auto, (max-width: 1067px) 100vw, 1067px\" \/><br \/>\nTrois ans apr\u00e8s son lancement, la Dacia Spring change en profondeur. La moins ch\u00e8re des voitures \u00e9lectriques re\u00e7oit un tout\u2026\u00a0<a href=\"https:\/\/www.automobile-propre.com\/video-dacia-spring-2024-voici-tout-ce-qui-change-avec-un-tres-gros-restylage\/\" target='bwindow' rel=\"noopener\">Lire la suite&#8230;<\/a><\/p>\n","protected":false},"excerpt":{"rendered":"<p>&#8230; <a class=\"continue-reading-link\" href=\"https:\/\/www.evearly.news\/fr\/video-dacia-spring-2024-voici-tout-ce-qui-change-avec-un-tres-gros-restylage\/\"><\/a><\/p>\n","protected":false},"author":8,"featured_media":275119,"comment_status":"closed","ping_status":"open","sticky":false,"template":"Default","format":"standard","meta":{"footnotes":""},"categories":[8],"tags":[],"class_list":["post-275118","post","type-post","status-publish","format-standard","has-post-thumbnail","hentry","category-automobile-propre"],"_links":{"self":[{"href":"https:\/\/www.evearly.news\/fr\/wp-json\/wp\/v2\/posts\/275118","targetHints":{"allow":["GET"]}}],"collection":[{"href":"https:\/\/www.evearly.news\/fr\/wp-json\/wp\/v2\/posts"}],"about":[{"href":"https:\/\/www.evearly.news\/fr\/wp-json\/wp\/v2\/types\/post"}],"author":[{"embeddable":true,"href":"https:\/\/www.evearly.news\/fr\/wp-json\/wp\/v2\/users\/8"}],"replies":[{"embeddable":true,"href":"https:\/\/www.evearly.news\/fr\/wp-json\/wp\/v2\/comments?post=275118"}],"version-history":[{"count":0,"href":"https:\/\/www.evearly.news\/fr\/wp-json\/wp\/v2\/posts\/275118\/revisions"}],"wp:featuredmedia":[{"embeddable":true,"href":"https:\/\/www.evearly.news\/fr\/wp-json\/wp\/v2\/media\/275119"}],"wp:attachment":[{"href":"https:\/\/www.evearly.news\/fr\/wp-json\/wp\/v2\/media?parent=275118"}],"wp:term":[{"taxonomy":"category","embeddable":true,"href":"https:\/\/www.evearly.news\/fr\/wp-json\/wp\/v2\/categories?post=275118"},{"taxonomy":"post_tag","embeddable":true,"href":"https:\/\/www.evearly.news\/fr\/wp-json\/wp\/v2\/tags?post=275118"}],"curies":[{"name":"wp","href":"https:\/\/api.w.org\/{rel}","templated":true}]}}