{"id":275120,"date":"2024-02-21T08:24:12","date_gmt":"2024-02-21T07:24:12","guid":{"rendered":"https:\/\/www.evearly.news\/fr\/on-est-montes-a-bord-de-la-nouvelle-dacia-spring-la-voiture-electrique-la-plus-abordable-se-metamorphose\/"},"modified":"2024-02-21T08:24:12","modified_gmt":"2024-02-21T07:24:12","slug":"on-est-montes-a-bord-de-la-nouvelle-dacia-spring-la-voiture-electrique-la-plus-abordable-se-metamorphose","status":"publish","type":"post","link":"https:\/\/www.evearly.news\/fr\/on-est-montes-a-bord-de-la-nouvelle-dacia-spring-la-voiture-electrique-la-plus-abordable-se-metamorphose\/","title":{"rendered":"On est mont\u00e9s \u00e0 bord de la nouvelle Dacia Spring : la voiture \u00e9lectrique la plus abordable se m\u00e9tamorphose"},"content":{"rendered":"<p><img width=\"1200\" height=\"802\" src=\"https:\/\/www.evearly.news\/fr\/wp-content\/uploads\/sites\/6\/2024\/02\/on-est-montes-a-bord-de-la-nouvelle-dacia-spring-la-voiture-electrique-la-plus-abordable-se-metamorphose.jpg\" class=\"attachment-large size-large wp-post-image\" alt=\"\" decoding=\"async\" loading=\"lazy\" \/<br \/>La Dacia Spring a toujours pu compter sur son statut de voiture \u00e9lectrique la moins ch\u00e8re du march\u00e9 pour s\u2019attirer un petit succ\u00e8s, et tant pis pour ses quelques d\u00e9fauts. Tout change en 2024, avec la fin de son bonus \u00e9cologique et l\u2019arriv\u00e9e de concurrentes f\u00e9roces. Dacia devait donc r\u00e9agir et pr\u00e9sente une version mise \u00e0 jour. Suffisant ? Nous sommes partis \u00e0 sa d\u00e9couverte pour en savoir plus. Voici notre premier avis. <a href=\"https:\/\/www.frandroid.com\/marques\/dacia\/1940222_on-est-montes-a-bord-de-la-nouvelle-dacia-spring-la-voiture-electrique-la-plus-abordable-se-metamorphose\" target=\"blank\" rel=\"noopener\">Lire la suite&#8230;<\/a><\/p>\n","protected":false},"excerpt":{"rendered":"<p>&lt;img width=&quot;1200&quot; height=&quot;802&quot; src=&quot;https:\/\/www.evearly.news\/fr\/wp-content\/uploads\/sites\/6\/2024\/02\/on-est-montes-a-bord-de-la-nouvelle-dacia-spring-la-voiture-electrique-la-plus-abordable-se-metamorphose.jpg&quot; class=&quot;attachment-large size-large wp-post-image&quot; alt=&quot;&quot; decoding=&quot;async&quot; loading=&quot;lazy&quot; \/<br \/>La Dacia Spring a toujours pu compter sur son statut de voiture \u00e9lectrique la moins ch\u00e8re du march\u00e9 pour s\u2019attirer un petit succ\u00e8s, et tant pis pour ses quelques d\u00e9fauts. Tout change en 2024, avec la fin de son bonus \u00e9cologique et l\u2019arriv\u00e9e de concurrentes f\u00e9roces. Dacia devait donc r\u00e9agir et pr\u00e9sente une version mise \u00e0 jour. Suffisant ? Nous sommes partis \u00e0 sa d\u00e9couverte pour en savoir plus. Voici notre premier avis.<\/p>\n<p> <a class=\"continue-reading-link\" href=\"https:\/\/www.evearly.news\/fr\/on-est-montes-a-bord-de-la-nouvelle-dacia-spring-la-voiture-electrique-la-plus-abordable-se-metamorphose\/\"><\/a><\/p>\n","protected":false},"author":6,"featured_media":275121,"comment_status":"closed","ping_status":"open","sticky":false,"template":"Default","format":"standard","meta":{"footnotes":""},"categories":[14],"tags":[],"class_list":["post-275120","post","type-post","status-publish","format-standard","has-post-thumbnail","hentry","category-frandroid"],"_links":{"self":[{"href":"https:\/\/www.evearly.news\/fr\/wp-json\/wp\/v2\/posts\/275120","targetHints":{"allow":["GET"]}}],"collection":[{"href":"https:\/\/www.evearly.news\/fr\/wp-json\/wp\/v2\/posts"}],"about":[{"href":"https:\/\/www.evearly.news\/fr\/wp-json\/wp\/v2\/types\/post"}],"author":[{"embeddable":true,"href":"https:\/\/www.evearly.news\/fr\/wp-json\/wp\/v2\/users\/6"}],"replies":[{"embeddable":true,"href":"https:\/\/www.evearly.news\/fr\/wp-json\/wp\/v2\/comments?post=275120"}],"version-history":[{"count":0,"href":"https:\/\/www.evearly.news\/fr\/wp-json\/wp\/v2\/posts\/275120\/revisions"}],"wp:featuredmedia":[{"embeddable":true,"href":"https:\/\/www.evearly.news\/fr\/wp-json\/wp\/v2\/media\/275121"}],"wp:attachment":[{"href":"https:\/\/www.evearly.news\/fr\/wp-json\/wp\/v2\/media?parent=275120"}],"wp:term":[{"taxonomy":"category","embeddable":true,"href":"https:\/\/www.evearly.news\/fr\/wp-json\/wp\/v2\/categories?post=275120"},{"taxonomy":"post_tag","embeddable":true,"href":"https:\/\/www.evearly.news\/fr\/wp-json\/wp\/v2\/tags?post=275120"}],"curies":[{"name":"wp","href":"https:\/\/api.w.org\/{rel}","templated":true}]}}