{"id":275122,"date":"2024-02-21T08:24:29","date_gmt":"2024-02-21T07:24:29","guid":{"rendered":"https:\/\/www.evearly.news\/fr\/voici-la-nouvelle-dacia-spring-la-voiture-electrique-la-moins-chere-du-marche-mais-attention-aux-petites-lignes\/"},"modified":"2024-02-21T08:24:29","modified_gmt":"2024-02-21T07:24:29","slug":"voici-la-nouvelle-dacia-spring-la-voiture-electrique-la-moins-chere-du-marche-mais-attention-aux-petites-lignes","status":"publish","type":"post","link":"https:\/\/www.evearly.news\/fr\/voici-la-nouvelle-dacia-spring-la-voiture-electrique-la-moins-chere-du-marche-mais-attention-aux-petites-lignes\/","title":{"rendered":"Voici la nouvelle Dacia Spring : la voiture \u00e9lectrique \u00ab la moins ch\u00e8re du march\u00e9 \u00bb, mais attention aux petites lignes"},"content":{"rendered":"<p><img width=\"1200\" height=\"679\" src=\"https:\/\/www.evearly.news\/fr\/wp-content\/uploads\/sites\/6\/2024\/02\/voici-la-nouvelle-dacia-spring-la-voiture-electrique-la-moins-chere-du-marche-mais-attention-aux-petites-lignes.jpg\" class=\"attachment-large size-large wp-post-image\" alt=\"\" decoding=\"async\" loading=\"lazy\" \/<br \/>Apr\u00e8s trois ans de commercialisation couronn\u00e9s de succ\u00e8s, avec 120 000 exemplaires vendus, Dacia redonne un coup de jeune \u00e0 sa voiture \u00e9lectrique, la petite Spring. Avec un ext\u00e9rieur et une planche de bord enti\u00e8rement revus, la Spring veut rester dans le coup malgr\u00e9 l&rsquo;arriv\u00e9e de la concurrence, mais y arrivera-t-elle ? <a href=\"https:\/\/www.frandroid.com\/marques\/dacia\/1941460_voici-la-nouvelle-dacia-spring-la-voiture-electrique-la-moins-chere-du-marche-mais-attention-aux-petites-lignes\" target=\"blank\" rel=\"noopener\">Lire la suite&#8230;<\/a><\/p>\n","protected":false},"excerpt":{"rendered":"<p>&lt;img width=&quot;1200&quot; height=&quot;679&quot; src=&quot;https:\/\/www.evearly.news\/fr\/wp-content\/uploads\/sites\/6\/2024\/02\/voici-la-nouvelle-dacia-spring-la-voiture-electrique-la-moins-chere-du-marche-mais-attention-aux-petites-lignes.jpg&quot; class=&quot;attachment-large size-large wp-post-image&quot; alt=&quot;&quot; decoding=&quot;async&quot; loading=&quot;lazy&quot; \/<br \/>Apr\u00e8s trois ans de commercialisation couronn\u00e9s de succ\u00e8s, avec 120 000 exemplaires vendus, Dacia redonne un coup de jeune \u00e0 sa voiture \u00e9lectrique, la petite Spring. Avec un ext\u00e9rieur et une planche de bord enti\u00e8rement revus, la Spring veut rester dans le coup malgr\u00e9 l&rsquo;arriv\u00e9e de la concurrence, mais y arrivera-t-elle ?<\/p>\n<p> <a class=\"continue-reading-link\" href=\"https:\/\/www.evearly.news\/fr\/voici-la-nouvelle-dacia-spring-la-voiture-electrique-la-moins-chere-du-marche-mais-attention-aux-petites-lignes\/\"><\/a><\/p>\n","protected":false},"author":6,"featured_media":275123,"comment_status":"closed","ping_status":"open","sticky":false,"template":"Default","format":"standard","meta":{"footnotes":""},"categories":[14],"tags":[],"class_list":["post-275122","post","type-post","status-publish","format-standard","has-post-thumbnail","hentry","category-frandroid"],"_links":{"self":[{"href":"https:\/\/www.evearly.news\/fr\/wp-json\/wp\/v2\/posts\/275122","targetHints":{"allow":["GET"]}}],"collection":[{"href":"https:\/\/www.evearly.news\/fr\/wp-json\/wp\/v2\/posts"}],"about":[{"href":"https:\/\/www.evearly.news\/fr\/wp-json\/wp\/v2\/types\/post"}],"author":[{"embeddable":true,"href":"https:\/\/www.evearly.news\/fr\/wp-json\/wp\/v2\/users\/6"}],"replies":[{"embeddable":true,"href":"https:\/\/www.evearly.news\/fr\/wp-json\/wp\/v2\/comments?post=275122"}],"version-history":[{"count":0,"href":"https:\/\/www.evearly.news\/fr\/wp-json\/wp\/v2\/posts\/275122\/revisions"}],"wp:featuredmedia":[{"embeddable":true,"href":"https:\/\/www.evearly.news\/fr\/wp-json\/wp\/v2\/media\/275123"}],"wp:attachment":[{"href":"https:\/\/www.evearly.news\/fr\/wp-json\/wp\/v2\/media?parent=275122"}],"wp:term":[{"taxonomy":"category","embeddable":true,"href":"https:\/\/www.evearly.news\/fr\/wp-json\/wp\/v2\/categories?post=275122"},{"taxonomy":"post_tag","embeddable":true,"href":"https:\/\/www.evearly.news\/fr\/wp-json\/wp\/v2\/tags?post=275122"}],"curies":[{"name":"wp","href":"https:\/\/api.w.org\/{rel}","templated":true}]}}