{"id":275277,"date":"2024-02-23T12:50:06","date_gmt":"2024-02-23T11:50:06","guid":{"rendered":"https:\/\/www.evearly.news\/fr\/honda-baisse-le-prix-de-ses-zr-v-et-eny1-grace-a-une-nouvelle-finition\/"},"modified":"2024-02-23T12:50:06","modified_gmt":"2024-02-23T11:50:06","slug":"honda-baisse-le-prix-de-ses-zr-v-et-eny1-grace-a-une-nouvelle-finition","status":"publish","type":"post","link":"https:\/\/www.evearly.news\/fr\/honda-baisse-le-prix-de-ses-zr-v-et-eny1-grace-a-une-nouvelle-finition\/","title":{"rendered":"Honda baisse le prix de ses ZR-V et e:Ny1 gr\u00e2ce \u00e0 une nouvelle finition"},"content":{"rendered":"<p><img decoding=\"async\" src=\"https:\/\/www.evearly.news\/fr\/wp-content\/uploads\/sites\/6\/2024\/02\/honda-baisse-le-prix-de-ses-zr-v-et-eny1-grace-a-une-nouvelle-finition.webp\" alt=\"auto-moto\"><br \/>Pr\u00e9sent\u00e9s en m\u00eame temps \u00e0 l\u2019automne 2023, les Honda ZR-V et e:Ny1 voient leurs tarifs l\u00e9g\u00e8rement baisser avec l\u2019arriv\u00e9e d\u2019une nouvelle finition d\u2019entr\u00e9e de gamme Executive, tout de m\u00eame tr\u00e8s bien \u00e9quip\u00e9e. <a href=\"https:\/\/www.auto-moto.com\/prix-du-neuf\/honda-baisse-le-prix-de-ses-zr-v-et-eny1-grace-a-une-nouvelle-finition-30359\" target=\"blank\" rel=\"noopener\">Lire la suite&#8230;<\/a><\/p>\n","protected":false},"excerpt":{"rendered":"<p>Pr\u00e9sent\u00e9s en m\u00eame temps \u00e0 l\u2019automne 2023, les Honda ZR-V et e:Ny1 voient leurs tarifs l\u00e9g\u00e8rement baisser avec l\u2019arriv\u00e9e d\u2019une nouvelle finition d\u2019entr\u00e9e de gamme Executive, tout de m\u00eame tr\u00e8s bien \u00e9quip\u00e9e&#8230;. <a class=\"continue-reading-link\" href=\"https:\/\/www.evearly.news\/fr\/honda-baisse-le-prix-de-ses-zr-v-et-eny1-grace-a-une-nouvelle-finition\/\"><\/a><\/p>\n","protected":false},"author":9,"featured_media":275278,"comment_status":"closed","ping_status":"open","sticky":false,"template":"Default","format":"standard","meta":{"footnotes":""},"categories":[10],"tags":[],"class_list":["post-275277","post","type-post","status-publish","format-standard","has-post-thumbnail","hentry","category-auto-moto-com"],"_links":{"self":[{"href":"https:\/\/www.evearly.news\/fr\/wp-json\/wp\/v2\/posts\/275277","targetHints":{"allow":["GET"]}}],"collection":[{"href":"https:\/\/www.evearly.news\/fr\/wp-json\/wp\/v2\/posts"}],"about":[{"href":"https:\/\/www.evearly.news\/fr\/wp-json\/wp\/v2\/types\/post"}],"author":[{"embeddable":true,"href":"https:\/\/www.evearly.news\/fr\/wp-json\/wp\/v2\/users\/9"}],"replies":[{"embeddable":true,"href":"https:\/\/www.evearly.news\/fr\/wp-json\/wp\/v2\/comments?post=275277"}],"version-history":[{"count":0,"href":"https:\/\/www.evearly.news\/fr\/wp-json\/wp\/v2\/posts\/275277\/revisions"}],"wp:featuredmedia":[{"embeddable":true,"href":"https:\/\/www.evearly.news\/fr\/wp-json\/wp\/v2\/media\/275278"}],"wp:attachment":[{"href":"https:\/\/www.evearly.news\/fr\/wp-json\/wp\/v2\/media?parent=275277"}],"wp:term":[{"taxonomy":"category","embeddable":true,"href":"https:\/\/www.evearly.news\/fr\/wp-json\/wp\/v2\/categories?post=275277"},{"taxonomy":"post_tag","embeddable":true,"href":"https:\/\/www.evearly.news\/fr\/wp-json\/wp\/v2\/tags?post=275277"}],"curies":[{"name":"wp","href":"https:\/\/api.w.org\/{rel}","templated":true}]}}