{"id":275325,"date":"2024-02-24T15:20:58","date_gmt":"2024-02-24T14:20:58","guid":{"rendered":"https:\/\/www.evearly.news\/fr\/lultime-vente-aux-encheres-de-citadines-electriques-mia\/"},"modified":"2024-02-24T15:20:58","modified_gmt":"2024-02-24T14:20:58","slug":"lultime-vente-aux-encheres-de-citadines-electriques-mia","status":"publish","type":"post","link":"https:\/\/www.evearly.news\/fr\/lultime-vente-aux-encheres-de-citadines-electriques-mia\/","title":{"rendered":"L\u2019ultime vente aux ench\u00e8res de citadines \u00e9lectriques Mia"},"content":{"rendered":"<p><img decoding=\"async\" width=\"500\" height=\"333\" src=\"https:\/\/www.evearly.news\/fr\/wp-content\/uploads\/sites\/6\/2024\/02\/lultime-vente-aux-encheres-de-citadines-electriques-mia.jpg\" class=\"attachment-1200x800 size-1200x800 wp-post-image\" alt=\"Mia \u00e0 la 2e Nuit de la Revolte\" loading=\"lazy\" srcset=\"https:\/\/www.evearly.news\/fr\/wp-content\/uploads\/sites\/6\/2024\/02\/lultime-vente-aux-encheres-de-citadines-electriques-mia.jpg 1200w, https:\/\/www.evearly.news\/fr\/wp-content\/uploads\/sites\/6\/2024\/02\/lultime-vente-aux-encheres-de-citadines-electriques-mia-1.jpg 1024w, https:\/\/www.evearly.news\/fr\/wp-content\/uploads\/sites\/6\/2024\/02\/lultime-vente-aux-encheres-de-citadines-electriques-mia-2.jpg 140w, https:\/\/www.evearly.news\/fr\/wp-content\/uploads\/sites\/6\/2024\/02\/lultime-vente-aux-encheres-de-citadines-electriques-mia-3.jpg 768w, https:\/\/www.evearly.news\/fr\/wp-content\/uploads\/sites\/6\/2024\/02\/lultime-vente-aux-encheres-de-citadines-electriques-mia-4.jpg 620w, https:\/\/www.evearly.news\/fr\/wp-content\/uploads\/sites\/6\/2024\/02\/lultime-vente-aux-encheres-de-citadines-electriques-mia-5.jpg 100w, https:\/\/www.evearly.news\/fr\/wp-content\/uploads\/sites\/6\/2024\/02\/lultime-vente-aux-encheres-de-citadines-electriques-mia-6.jpg 190w, https:\/\/cdn.automobile-propre.com\/uploads\/2023\/06\/APD0630_RNuitRevolte9-600x400.jpg 600w\" sizes=\"auto, (max-width: 1200px) 100vw, 1200px\" \/><br \/>\nSous le marteau du commissaire priseur niortais Ga\u00ebl Biard, 25 exemplaires de la Mia \u00e9lectrique ont \u00e9t\u00e9 dispers\u00e9s le 21\u2026\u00a0<a href=\"https:\/\/www.automobile-propre.com\/lultime-vente-aux-encheres-de-citadines-electriques-mia\/\" target='bwindow' rel=\"noopener\">Lire la suite&#8230;<\/a><\/p>\n","protected":false},"excerpt":{"rendered":"<p>&#8230; <a class=\"continue-reading-link\" href=\"https:\/\/www.evearly.news\/fr\/lultime-vente-aux-encheres-de-citadines-electriques-mia\/\"><\/a><\/p>\n","protected":false},"author":8,"featured_media":275326,"comment_status":"closed","ping_status":"open","sticky":false,"template":"Default","format":"standard","meta":{"footnotes":""},"categories":[8],"tags":[],"class_list":["post-275325","post","type-post","status-publish","format-standard","has-post-thumbnail","hentry","category-automobile-propre"],"_links":{"self":[{"href":"https:\/\/www.evearly.news\/fr\/wp-json\/wp\/v2\/posts\/275325","targetHints":{"allow":["GET"]}}],"collection":[{"href":"https:\/\/www.evearly.news\/fr\/wp-json\/wp\/v2\/posts"}],"about":[{"href":"https:\/\/www.evearly.news\/fr\/wp-json\/wp\/v2\/types\/post"}],"author":[{"embeddable":true,"href":"https:\/\/www.evearly.news\/fr\/wp-json\/wp\/v2\/users\/8"}],"replies":[{"embeddable":true,"href":"https:\/\/www.evearly.news\/fr\/wp-json\/wp\/v2\/comments?post=275325"}],"version-history":[{"count":0,"href":"https:\/\/www.evearly.news\/fr\/wp-json\/wp\/v2\/posts\/275325\/revisions"}],"wp:featuredmedia":[{"embeddable":true,"href":"https:\/\/www.evearly.news\/fr\/wp-json\/wp\/v2\/media\/275326"}],"wp:attachment":[{"href":"https:\/\/www.evearly.news\/fr\/wp-json\/wp\/v2\/media?parent=275325"}],"wp:term":[{"taxonomy":"category","embeddable":true,"href":"https:\/\/www.evearly.news\/fr\/wp-json\/wp\/v2\/categories?post=275325"},{"taxonomy":"post_tag","embeddable":true,"href":"https:\/\/www.evearly.news\/fr\/wp-json\/wp\/v2\/tags?post=275325"}],"curies":[{"name":"wp","href":"https:\/\/api.w.org\/{rel}","templated":true}]}}