{"id":275335,"date":"2024-02-24T18:28:13","date_gmt":"2024-02-24T17:28:13","guid":{"rendered":"https:\/\/www.evearly.news\/fr\/faillites-des-constructeurs-de-voitures-electriques-la-situation-remet-elle-en-cause-labandon-du-thermique\/"},"modified":"2024-02-24T18:28:13","modified_gmt":"2024-02-24T17:28:13","slug":"faillites-des-constructeurs-de-voitures-electriques-la-situation-remet-elle-en-cause-labandon-du-thermique","status":"publish","type":"post","link":"https:\/\/www.evearly.news\/fr\/faillites-des-constructeurs-de-voitures-electriques-la-situation-remet-elle-en-cause-labandon-du-thermique\/","title":{"rendered":"Faillites des constructeurs de voitures \u00e9lectriques : la situation remet-elle en cause l\u2019abandon du thermique ?"},"content":{"rendered":"<p><img width=\"1200\" height=\"900\" src=\"https:\/\/www.evearly.news\/fr\/wp-content\/uploads\/sites\/6\/2024\/02\/faillites-des-constructeurs-de-voitures-electriques-la-situation-remet-elle-en-cause-labandon-du-thermique.jpg\" class=\"attachment-large size-large wp-post-image\" alt=\"\" decoding=\"async\" loading=\"lazy\" \/<br \/>Depuis quelques mois, les faillites et situations d\u00e9licates se multiplient pour les constructeurs de voitures \u00e9lectriques. Cette semaine, c&rsquo;\u00e9tait au tour de Lucid Motors, Rivian et HiPhi, trois fabricants de voitures \u00e9lectriques qui arrivent tout juste en Europe. Selon vous, est-ce que cela remet en question l&rsquo;abandon du moteur thermique pr\u00e9vue pour 2035 en Europe ? C&rsquo;est la question du sondage de la semaine. <a href=\"https:\/\/www.frandroid.com\/survoltes\/voitures-electriques\/1946416_faillites-des-constructeurs-de-voitures-electriques-la-situation-remet-elle-en-cause-labandon-du-thermique\" target=\"blank\" rel=\"noopener\">Lire la suite&#8230;<\/a><\/p>\n","protected":false},"excerpt":{"rendered":"<p>&lt;img width=&quot;1200&quot; height=&quot;900&quot; src=&quot;https:\/\/www.evearly.news\/fr\/wp-content\/uploads\/sites\/6\/2024\/02\/faillites-des-constructeurs-de-voitures-electriques-la-situation-remet-elle-en-cause-labandon-du-thermique.jpg&quot; class=&quot;attachment-large size-large wp-post-image&quot; alt=&quot;&quot; decoding=&quot;async&quot; loading=&quot;lazy&quot; \/<br \/>Depuis quelques mois, les faillites et situations d\u00e9licates se multiplient pour les constructeurs de voitures \u00e9lectriques. Cette semaine, c&rsquo;\u00e9tait au tour de Lucid Motors, Rivian et HiPhi, trois fabricants de voitures \u00e9lectriques qui arrivent tout juste en Europe. Selon vous, est-ce que cela remet en question l&rsquo;abandon du moteur thermique pr\u00e9vue pour 2035 en Europe ? C&rsquo;est la question du sondage de la semaine.<\/p>\n<p> <a class=\"continue-reading-link\" href=\"https:\/\/www.evearly.news\/fr\/faillites-des-constructeurs-de-voitures-electriques-la-situation-remet-elle-en-cause-labandon-du-thermique\/\"><\/a><\/p>\n","protected":false},"author":6,"featured_media":275336,"comment_status":"closed","ping_status":"open","sticky":false,"template":"Default","format":"standard","meta":{"footnotes":""},"categories":[14],"tags":[],"class_list":["post-275335","post","type-post","status-publish","format-standard","has-post-thumbnail","hentry","category-frandroid"],"_links":{"self":[{"href":"https:\/\/www.evearly.news\/fr\/wp-json\/wp\/v2\/posts\/275335","targetHints":{"allow":["GET"]}}],"collection":[{"href":"https:\/\/www.evearly.news\/fr\/wp-json\/wp\/v2\/posts"}],"about":[{"href":"https:\/\/www.evearly.news\/fr\/wp-json\/wp\/v2\/types\/post"}],"author":[{"embeddable":true,"href":"https:\/\/www.evearly.news\/fr\/wp-json\/wp\/v2\/users\/6"}],"replies":[{"embeddable":true,"href":"https:\/\/www.evearly.news\/fr\/wp-json\/wp\/v2\/comments?post=275335"}],"version-history":[{"count":0,"href":"https:\/\/www.evearly.news\/fr\/wp-json\/wp\/v2\/posts\/275335\/revisions"}],"wp:featuredmedia":[{"embeddable":true,"href":"https:\/\/www.evearly.news\/fr\/wp-json\/wp\/v2\/media\/275336"}],"wp:attachment":[{"href":"https:\/\/www.evearly.news\/fr\/wp-json\/wp\/v2\/media?parent=275335"}],"wp:term":[{"taxonomy":"category","embeddable":true,"href":"https:\/\/www.evearly.news\/fr\/wp-json\/wp\/v2\/categories?post=275335"},{"taxonomy":"post_tag","embeddable":true,"href":"https:\/\/www.evearly.news\/fr\/wp-json\/wp\/v2\/tags?post=275335"}],"curies":[{"name":"wp","href":"https:\/\/api.w.org\/{rel}","templated":true}]}}