{"id":275337,"date":"2024-02-24T19:20:55","date_gmt":"2024-02-24T18:20:55","guid":{"rendered":"https:\/\/www.evearly.news\/fr\/comment-la-coree-du-sud-va-proteger-ses-constructeurs-automobiles-de-la-guerre-des-prix\/"},"modified":"2024-02-24T19:20:55","modified_gmt":"2024-02-24T18:20:55","slug":"comment-la-coree-du-sud-va-proteger-ses-constructeurs-automobiles-de-la-guerre-des-prix","status":"publish","type":"post","link":"https:\/\/www.evearly.news\/fr\/comment-la-coree-du-sud-va-proteger-ses-constructeurs-automobiles-de-la-guerre-des-prix\/","title":{"rendered":"Comment la Cor\u00e9e du Sud va prot\u00e9ger ses constructeurs automobiles de la guerre des prix"},"content":{"rendered":"<p><img decoding=\"async\" width=\"500\" height=\"333\" src=\"https:\/\/www.evearly.news\/fr\/wp-content\/uploads\/sites\/6\/2024\/02\/comment-la-coree-du-sud-va-proteger-ses-constructeurs-automobiles-de-la-guerre-des-prix.jpg\" class=\"attachment-1200x800 size-1200x800 wp-post-image\" alt=\"\" loading=\"lazy\" srcset=\"https:\/\/www.evearly.news\/fr\/wp-content\/uploads\/sites\/6\/2024\/02\/comment-la-coree-du-sud-va-proteger-ses-constructeurs-automobiles-de-la-guerre-des-prix.jpg 1536w, https:\/\/www.evearly.news\/fr\/wp-content\/uploads\/sites\/6\/2024\/02\/comment-la-coree-du-sud-va-proteger-ses-constructeurs-automobiles-de-la-guerre-des-prix-1.jpg 1640w, https:\/\/www.evearly.news\/fr\/wp-content\/uploads\/sites\/6\/2024\/02\/comment-la-coree-du-sud-va-proteger-ses-constructeurs-automobiles-de-la-guerre-des-prix-2.jpg 1024w, https:\/\/www.evearly.news\/fr\/wp-content\/uploads\/sites\/6\/2024\/02\/comment-la-coree-du-sud-va-proteger-ses-constructeurs-automobiles-de-la-guerre-des-prix-3.jpg 140w, https:\/\/www.evearly.news\/fr\/wp-content\/uploads\/sites\/6\/2024\/02\/comment-la-coree-du-sud-va-proteger-ses-constructeurs-automobiles-de-la-guerre-des-prix-4.jpg 768w, https:\/\/www.evearly.news\/fr\/wp-content\/uploads\/sites\/6\/2024\/02\/comment-la-coree-du-sud-va-proteger-ses-constructeurs-automobiles-de-la-guerre-des-prix-5.jpg 620w, https:\/\/www.evearly.news\/fr\/wp-content\/uploads\/sites\/6\/2024\/02\/comment-la-coree-du-sud-va-proteger-ses-constructeurs-automobiles-de-la-guerre-des-prix-6.jpg 100w, https:\/\/www.evearly.news\/fr\/wp-content\/uploads\/sites\/6\/2024\/02\/comment-la-coree-du-sud-va-proteger-ses-constructeurs-automobiles-de-la-guerre-des-prix-7.jpg 190w, https:\/\/www.evearly.news\/fr\/wp-content\/uploads\/sites\/6\/2024\/02\/comment-la-coree-du-sud-va-proteger-ses-constructeurs-automobiles-de-la-guerre-des-prix-8.jpg 600w, https:\/\/cdn.automobile-propre.com\/uploads\/2024\/02\/hyundai-ioniq-6.jpeg 1920w\" sizes=\"auto, (max-width: 1200px) 100vw, 1200px\" \/><br \/>\nEn Cor\u00e9e du Sud, le gouvernement cherche \u00e0 donner un coup de pouce \u00e0 ses constructeurs automobiles nationaux, Hyundai et\u2026\u00a0<a href=\"https:\/\/www.automobile-propre.com\/comment-la-coree-du-sud-compte-t-elle-proteger-ses-constructeurs-automobiles\/\" target='bwindow' rel=\"noopener\">Lire la suite&#8230;<\/a><\/p>\n","protected":false},"excerpt":{"rendered":"<p>&#8230; <a class=\"continue-reading-link\" href=\"https:\/\/www.evearly.news\/fr\/comment-la-coree-du-sud-va-proteger-ses-constructeurs-automobiles-de-la-guerre-des-prix\/\"><\/a><\/p>\n","protected":false},"author":8,"featured_media":275338,"comment_status":"closed","ping_status":"open","sticky":false,"template":"Default","format":"standard","meta":{"footnotes":""},"categories":[8],"tags":[],"class_list":["post-275337","post","type-post","status-publish","format-standard","has-post-thumbnail","hentry","category-automobile-propre"],"_links":{"self":[{"href":"https:\/\/www.evearly.news\/fr\/wp-json\/wp\/v2\/posts\/275337","targetHints":{"allow":["GET"]}}],"collection":[{"href":"https:\/\/www.evearly.news\/fr\/wp-json\/wp\/v2\/posts"}],"about":[{"href":"https:\/\/www.evearly.news\/fr\/wp-json\/wp\/v2\/types\/post"}],"author":[{"embeddable":true,"href":"https:\/\/www.evearly.news\/fr\/wp-json\/wp\/v2\/users\/8"}],"replies":[{"embeddable":true,"href":"https:\/\/www.evearly.news\/fr\/wp-json\/wp\/v2\/comments?post=275337"}],"version-history":[{"count":0,"href":"https:\/\/www.evearly.news\/fr\/wp-json\/wp\/v2\/posts\/275337\/revisions"}],"wp:featuredmedia":[{"embeddable":true,"href":"https:\/\/www.evearly.news\/fr\/wp-json\/wp\/v2\/media\/275338"}],"wp:attachment":[{"href":"https:\/\/www.evearly.news\/fr\/wp-json\/wp\/v2\/media?parent=275337"}],"wp:term":[{"taxonomy":"category","embeddable":true,"href":"https:\/\/www.evearly.news\/fr\/wp-json\/wp\/v2\/categories?post=275337"},{"taxonomy":"post_tag","embeddable":true,"href":"https:\/\/www.evearly.news\/fr\/wp-json\/wp\/v2\/tags?post=275337"}],"curies":[{"name":"wp","href":"https:\/\/api.w.org\/{rel}","templated":true}]}}