{"id":275357,"date":"2024-02-25T14:26:07","date_gmt":"2024-02-25T13:26:07","guid":{"rendered":"https:\/\/www.evearly.news\/fr\/on-a-essaye-la-voiture-electrique-par-mercedes-et-byd-qui-a-besoin-de-2-bornes-de-recharge-la-denza-d9\/"},"modified":"2024-02-25T14:26:07","modified_gmt":"2024-02-25T13:26:07","slug":"on-a-essaye-la-voiture-electrique-par-mercedes-et-byd-qui-a-besoin-de-2-bornes-de-recharge-la-denza-d9","status":"publish","type":"post","link":"https:\/\/www.evearly.news\/fr\/on-a-essaye-la-voiture-electrique-par-mercedes-et-byd-qui-a-besoin-de-2-bornes-de-recharge-la-denza-d9\/","title":{"rendered":"On a essay\u00e9 la voiture \u00e9lectrique par Mercedes et BYD qui a besoin de 2 bornes de recharge : la Denza D9"},"content":{"rendered":"<p><img width=\"1200\" height=\"988\" src=\"https:\/\/www.evearly.news\/fr\/wp-content\/uploads\/sites\/6\/2024\/02\/on-a-essaye-la-voiture-electrique-par-mercedes-et-byd-qui-a-besoin-de-2-bornes-de-recharge-la-denza-d9.jpg\" class=\"attachment-large size-large wp-post-image\" alt=\"\" decoding=\"async\" loading=\"lazy\" \/<br \/>D\u00e9j\u00e0 aper\u00e7u lors du dernier salon de Munich, la nouvelle voiture \u00e9lectrique Denza D9 ne devrait plus tarder \u00e0 faire son arriv\u00e9e en Europe. D\u2019autant plus que le van \u00e9lectrique sign\u00e9 de la division haut de gamme de BYD poss\u00e8de de tr\u00e8s s\u00e9rieux atouts, et qu\u2019il n\u2019a pour l\u2019heure pas de vraie concurrence sur le Vieux Continent. Nous avons eu la chance d\u2019en prendre le volant sur ses terres natale, en Chine, afin de d\u00e9couvrir ce qu\u2019il donne sur la route. <a href=\"https:\/\/www.frandroid.com\/marques\/byd\/1939252_on-a-essaye-la-voiture-electrique-par-mercedes-et-byd-qui-a-besoin-de-2-bornes-de-recharge-la-denza-d9\" target=\"blank\" rel=\"noopener\">Lire la suite&#8230;<\/a><\/p>\n","protected":false},"excerpt":{"rendered":"<p>&lt;img width=&quot;1200&quot; height=&quot;988&quot; src=&quot;https:\/\/www.evearly.news\/fr\/wp-content\/uploads\/sites\/6\/2024\/02\/on-a-essaye-la-voiture-electrique-par-mercedes-et-byd-qui-a-besoin-de-2-bornes-de-recharge-la-denza-d9.jpg&quot; class=&quot;attachment-large size-large wp-post-image&quot; alt=&quot;&quot; decoding=&quot;async&quot; loading=&quot;lazy&quot; \/<br \/>D\u00e9j\u00e0 aper\u00e7u lors du dernier salon de Munich, la nouvelle voiture \u00e9lectrique Denza D9 ne devrait plus tarder \u00e0 faire son arriv\u00e9e en Europe. D\u2019autant plus que le van \u00e9lectrique sign\u00e9 de la division haut de gamme de BYD poss\u00e8de de tr\u00e8s s\u00e9rieux atouts, et qu\u2019il n\u2019a pour l\u2019heure pas de vraie concurrence sur le Vieux Continent. Nous avons eu la chance d\u2019en prendre le volant sur ses terres natale, en Chine, afin de d\u00e9couvrir ce qu\u2019il donne sur la route.<\/p>\n<p> <a class=\"continue-reading-link\" href=\"https:\/\/www.evearly.news\/fr\/on-a-essaye-la-voiture-electrique-par-mercedes-et-byd-qui-a-besoin-de-2-bornes-de-recharge-la-denza-d9\/\"><\/a><\/p>\n","protected":false},"author":6,"featured_media":275358,"comment_status":"closed","ping_status":"open","sticky":false,"template":"Default","format":"standard","meta":{"footnotes":""},"categories":[14],"tags":[],"class_list":["post-275357","post","type-post","status-publish","format-standard","has-post-thumbnail","hentry","category-frandroid"],"_links":{"self":[{"href":"https:\/\/www.evearly.news\/fr\/wp-json\/wp\/v2\/posts\/275357","targetHints":{"allow":["GET"]}}],"collection":[{"href":"https:\/\/www.evearly.news\/fr\/wp-json\/wp\/v2\/posts"}],"about":[{"href":"https:\/\/www.evearly.news\/fr\/wp-json\/wp\/v2\/types\/post"}],"author":[{"embeddable":true,"href":"https:\/\/www.evearly.news\/fr\/wp-json\/wp\/v2\/users\/6"}],"replies":[{"embeddable":true,"href":"https:\/\/www.evearly.news\/fr\/wp-json\/wp\/v2\/comments?post=275357"}],"version-history":[{"count":0,"href":"https:\/\/www.evearly.news\/fr\/wp-json\/wp\/v2\/posts\/275357\/revisions"}],"wp:featuredmedia":[{"embeddable":true,"href":"https:\/\/www.evearly.news\/fr\/wp-json\/wp\/v2\/media\/275358"}],"wp:attachment":[{"href":"https:\/\/www.evearly.news\/fr\/wp-json\/wp\/v2\/media?parent=275357"}],"wp:term":[{"taxonomy":"category","embeddable":true,"href":"https:\/\/www.evearly.news\/fr\/wp-json\/wp\/v2\/categories?post=275357"},{"taxonomy":"post_tag","embeddable":true,"href":"https:\/\/www.evearly.news\/fr\/wp-json\/wp\/v2\/tags?post=275357"}],"curies":[{"name":"wp","href":"https:\/\/api.w.org\/{rel}","templated":true}]}}