{"id":275361,"date":"2024-02-25T16:20:54","date_gmt":"2024-02-25T15:20:54","guid":{"rendered":"https:\/\/www.evearly.news\/fr\/jolie-cette-ancienne-fiat-500-de-plage-devient-electrique-mais-ca-coute-cher\/"},"modified":"2024-02-25T16:20:54","modified_gmt":"2024-02-25T15:20:54","slug":"jolie-cette-ancienne-fiat-500-de-plage-devient-electrique-mais-ca-coute-cher","status":"publish","type":"post","link":"https:\/\/www.evearly.news\/fr\/jolie-cette-ancienne-fiat-500-de-plage-devient-electrique-mais-ca-coute-cher\/","title":{"rendered":"Jolie, cette ancienne Fiat 500 de plage devient \u00e9lectrique (mais \u00e7a co\u00fbte cher)"},"content":{"rendered":"<p><img decoding=\"async\" width=\"500\" height=\"333\" src=\"https:\/\/www.evearly.news\/fr\/wp-content\/uploads\/sites\/6\/2024\/02\/jolie-cette-ancienne-fiat-500-de-plage-devient-electrique-mais-ca-coute-cher.jpg\" class=\"attachment-1200x800 size-1200x800 wp-post-image\" alt=\"Restomod 500 Spiaggina E-Classic par Aznom Automotive\" loading=\"lazy\" srcset=\"https:\/\/www.evearly.news\/fr\/wp-content\/uploads\/sites\/6\/2024\/02\/jolie-cette-ancienne-fiat-500-de-plage-devient-electrique-mais-ca-coute-cher.jpg 1200w, https:\/\/www.evearly.news\/fr\/wp-content\/uploads\/sites\/6\/2024\/02\/jolie-cette-ancienne-fiat-500-de-plage-devient-electrique-mais-ca-coute-cher-1.jpg 1024w, https:\/\/www.evearly.news\/fr\/wp-content\/uploads\/sites\/6\/2024\/02\/jolie-cette-ancienne-fiat-500-de-plage-devient-electrique-mais-ca-coute-cher-2.jpg 140w, https:\/\/www.evearly.news\/fr\/wp-content\/uploads\/sites\/6\/2024\/02\/jolie-cette-ancienne-fiat-500-de-plage-devient-electrique-mais-ca-coute-cher-3.jpg 768w, https:\/\/www.evearly.news\/fr\/wp-content\/uploads\/sites\/6\/2024\/02\/jolie-cette-ancienne-fiat-500-de-plage-devient-electrique-mais-ca-coute-cher-4.jpg 620w, https:\/\/www.evearly.news\/fr\/wp-content\/uploads\/sites\/6\/2024\/02\/jolie-cette-ancienne-fiat-500-de-plage-devient-electrique-mais-ca-coute-cher-5.jpg 100w, https:\/\/www.evearly.news\/fr\/wp-content\/uploads\/sites\/6\/2024\/02\/jolie-cette-ancienne-fiat-500-de-plage-devient-electrique-mais-ca-coute-cher-6.jpg 190w, https:\/\/cdn.automobile-propre.com\/uploads\/2024\/02\/APE0223_LFiat500-600x400.jpg 600w\" sizes=\"auto, (max-width: 1200px) 100vw, 1200px\" \/><br \/>\nD\u00e8s la fin des ann\u00e9es 1950, le carrossier italien Ghia a transform\u00e9 des Fiat 500 pour en faire des voitures\u2026\u00a0<a href=\"https:\/\/www.automobile-propre.com\/jolie-cette-ancienne-fiat-500-de-plage-devient-electrique-mais-ca-coute-cher\/\" target='bwindow' rel=\"noopener\">Lire la suite&#8230;<\/a><\/p>\n","protected":false},"excerpt":{"rendered":"<p>&#8230; <a class=\"continue-reading-link\" href=\"https:\/\/www.evearly.news\/fr\/jolie-cette-ancienne-fiat-500-de-plage-devient-electrique-mais-ca-coute-cher\/\"><\/a><\/p>\n","protected":false},"author":8,"featured_media":275362,"comment_status":"closed","ping_status":"open","sticky":false,"template":"Default","format":"standard","meta":{"footnotes":""},"categories":[8],"tags":[],"class_list":["post-275361","post","type-post","status-publish","format-standard","has-post-thumbnail","hentry","category-automobile-propre"],"_links":{"self":[{"href":"https:\/\/www.evearly.news\/fr\/wp-json\/wp\/v2\/posts\/275361","targetHints":{"allow":["GET"]}}],"collection":[{"href":"https:\/\/www.evearly.news\/fr\/wp-json\/wp\/v2\/posts"}],"about":[{"href":"https:\/\/www.evearly.news\/fr\/wp-json\/wp\/v2\/types\/post"}],"author":[{"embeddable":true,"href":"https:\/\/www.evearly.news\/fr\/wp-json\/wp\/v2\/users\/8"}],"replies":[{"embeddable":true,"href":"https:\/\/www.evearly.news\/fr\/wp-json\/wp\/v2\/comments?post=275361"}],"version-history":[{"count":0,"href":"https:\/\/www.evearly.news\/fr\/wp-json\/wp\/v2\/posts\/275361\/revisions"}],"wp:featuredmedia":[{"embeddable":true,"href":"https:\/\/www.evearly.news\/fr\/wp-json\/wp\/v2\/media\/275362"}],"wp:attachment":[{"href":"https:\/\/www.evearly.news\/fr\/wp-json\/wp\/v2\/media?parent=275361"}],"wp:term":[{"taxonomy":"category","embeddable":true,"href":"https:\/\/www.evearly.news\/fr\/wp-json\/wp\/v2\/categories?post=275361"},{"taxonomy":"post_tag","embeddable":true,"href":"https:\/\/www.evearly.news\/fr\/wp-json\/wp\/v2\/tags?post=275361"}],"curies":[{"name":"wp","href":"https:\/\/api.w.org\/{rel}","templated":true}]}}