{"id":275554,"date":"2024-02-27T15:25:27","date_gmt":"2024-02-27T14:25:27","guid":{"rendered":"https:\/\/www.evearly.news\/fr\/peugeot-cette-belle-nouveaute-du-e-3008-arrive-sur-presque-toutes-les-autres-voitures-electriques-de-la-marque\/"},"modified":"2024-02-27T15:25:27","modified_gmt":"2024-02-27T14:25:27","slug":"peugeot-cette-belle-nouveaute-du-e-3008-arrive-sur-presque-toutes-les-autres-voitures-electriques-de-la-marque","status":"publish","type":"post","link":"https:\/\/www.evearly.news\/fr\/peugeot-cette-belle-nouveaute-du-e-3008-arrive-sur-presque-toutes-les-autres-voitures-electriques-de-la-marque\/","title":{"rendered":"Peugeot : cette belle nouveaut\u00e9 du e-3008 arrive sur (presque) toutes les autres voitures \u00e9lectriques de la marque"},"content":{"rendered":"<p><img width=\"1200\" height=\"800\" src=\"https:\/\/www.evearly.news\/fr\/wp-content\/uploads\/sites\/6\/2024\/02\/peugeot-cette-belle-nouveaute-du-e-3008-arrive-sur-presque-toutes-les-autres-voitures-electriques-de-la-marque.jpg\" class=\"attachment-large size-large wp-post-image\" alt=\"\" decoding=\"async\" loading=\"lazy\" \/<br \/>Apr\u00e8s la e-3008, Peugeot annonce \u00e9tendre sa garantie de 8 ans et 160 000 kilom\u00e8tres sur toutes les voitures \u00e9lectriques de sa gamme. Un pas en avant pour la marque tricolore, qui esp\u00e8re ainsi rassurer les clients et les inciter \u00e0 sauter le pas, alors que la concurrence est rude.  <a href=\"https:\/\/www.frandroid.com\/marques\/peugeot\/1948474_peugeot-cette-belle-nouveaute-du-e-3008-arrive-sur-presque-toutes-les-autres-voitures-electriques-de-la-marque\" target=\"blank\" rel=\"noopener\">Lire la suite&#8230;<\/a><\/p>\n","protected":false},"excerpt":{"rendered":"<p>&lt;img width=&quot;1200&quot; height=&quot;800&quot; src=&quot;https:\/\/www.evearly.news\/fr\/wp-content\/uploads\/sites\/6\/2024\/02\/peugeot-cette-belle-nouveaute-du-e-3008-arrive-sur-presque-toutes-les-autres-voitures-electriques-de-la-marque.jpg&quot; class=&quot;attachment-large size-large wp-post-image&quot; alt=&quot;&quot; decoding=&quot;async&quot; loading=&quot;lazy&quot; \/<br \/>Apr\u00e8s la e-3008, Peugeot annonce \u00e9tendre sa garantie de 8 ans et 160 000 kilom\u00e8tres sur toutes les voitures \u00e9lectriques de sa gamme. Un pas en avant pour la marque tricolore, qui esp\u00e8re ainsi rassurer les clients et les inciter \u00e0 sauter le pas, alors que la concurrence est rude. <\/p>\n<p> <a class=\"continue-reading-link\" href=\"https:\/\/www.evearly.news\/fr\/peugeot-cette-belle-nouveaute-du-e-3008-arrive-sur-presque-toutes-les-autres-voitures-electriques-de-la-marque\/\"><\/a><\/p>\n","protected":false},"author":6,"featured_media":275555,"comment_status":"closed","ping_status":"open","sticky":false,"template":"Default","format":"standard","meta":{"footnotes":""},"categories":[14],"tags":[],"class_list":["post-275554","post","type-post","status-publish","format-standard","has-post-thumbnail","hentry","category-frandroid"],"_links":{"self":[{"href":"https:\/\/www.evearly.news\/fr\/wp-json\/wp\/v2\/posts\/275554","targetHints":{"allow":["GET"]}}],"collection":[{"href":"https:\/\/www.evearly.news\/fr\/wp-json\/wp\/v2\/posts"}],"about":[{"href":"https:\/\/www.evearly.news\/fr\/wp-json\/wp\/v2\/types\/post"}],"author":[{"embeddable":true,"href":"https:\/\/www.evearly.news\/fr\/wp-json\/wp\/v2\/users\/6"}],"replies":[{"embeddable":true,"href":"https:\/\/www.evearly.news\/fr\/wp-json\/wp\/v2\/comments?post=275554"}],"version-history":[{"count":0,"href":"https:\/\/www.evearly.news\/fr\/wp-json\/wp\/v2\/posts\/275554\/revisions"}],"wp:featuredmedia":[{"embeddable":true,"href":"https:\/\/www.evearly.news\/fr\/wp-json\/wp\/v2\/media\/275555"}],"wp:attachment":[{"href":"https:\/\/www.evearly.news\/fr\/wp-json\/wp\/v2\/media?parent=275554"}],"wp:term":[{"taxonomy":"category","embeddable":true,"href":"https:\/\/www.evearly.news\/fr\/wp-json\/wp\/v2\/categories?post=275554"},{"taxonomy":"post_tag","embeddable":true,"href":"https:\/\/www.evearly.news\/fr\/wp-json\/wp\/v2\/tags?post=275554"}],"curies":[{"name":"wp","href":"https:\/\/api.w.org\/{rel}","templated":true}]}}