{"id":275556,"date":"2024-02-27T15:50:05","date_gmt":"2024-02-27T14:50:05","guid":{"rendered":"https:\/\/www.evearly.news\/fr\/mg-travaille-sur-une-citadine-concurrente-de-la-dacia-spring\/"},"modified":"2024-02-27T15:50:05","modified_gmt":"2024-02-27T14:50:05","slug":"mg-travaille-sur-une-citadine-concurrente-de-la-dacia-spring","status":"publish","type":"post","link":"https:\/\/www.evearly.news\/fr\/mg-travaille-sur-une-citadine-concurrente-de-la-dacia-spring\/","title":{"rendered":"MG travaille sur une citadine concurrente de la Dacia Spring"},"content":{"rendered":"<p><img decoding=\"async\" src=\"https:\/\/www.evearly.news\/fr\/wp-content\/uploads\/sites\/6\/2024\/02\/mg-travaille-sur-une-citadine-concurrente-de-la-dacia-spring.webp\" alt=\"auto-moto\"><br \/>Face au succ\u00e8s de la Dacia Spring en Europe, le chinois MG semble vouloir r\u00e9pliquer avec une citadine \u00e9lectrique, potentiellement d\u00e8s 2025. Cette petite s\u0153ur de la MG4 pourrait conna\u00eetre le m\u00eame destin si elle r\u00e9ussit \u00e0 bien se placer c\u00f4t\u00e9 tarif, malgr\u00e9 l\u2019absence de bonus en France. <a href=\"https:\/\/www.auto-moto.com\/citadine\/mg-travaille-sur-une-citadine-concurrente-de-la-dacia-spring-30479\" target=\"blank\" rel=\"noopener\">Lire la suite&#8230;<\/a><\/p>\n","protected":false},"excerpt":{"rendered":"<p>Face au succ\u00e8s de la Dacia Spring en Europe, le chinois MG semble vouloir r\u00e9pliquer avec une citadine \u00e9lectrique, potentiellement d\u00e8s 2025. Cette petite s\u0153ur de la MG4 pourrait conna\u00eetre le m\u00eame destin si elle r\u00e9ussit \u00e0 bien se placer c\u00f4t\u00e9 tarif, malgr\u00e9 l\u2019absence de bonus en France&#8230;. <a class=\"continue-reading-link\" href=\"https:\/\/www.evearly.news\/fr\/mg-travaille-sur-une-citadine-concurrente-de-la-dacia-spring\/\"><\/a><\/p>\n","protected":false},"author":9,"featured_media":275557,"comment_status":"closed","ping_status":"open","sticky":false,"template":"Default","format":"standard","meta":{"footnotes":""},"categories":[10],"tags":[],"class_list":["post-275556","post","type-post","status-publish","format-standard","has-post-thumbnail","hentry","category-auto-moto-com"],"_links":{"self":[{"href":"https:\/\/www.evearly.news\/fr\/wp-json\/wp\/v2\/posts\/275556","targetHints":{"allow":["GET"]}}],"collection":[{"href":"https:\/\/www.evearly.news\/fr\/wp-json\/wp\/v2\/posts"}],"about":[{"href":"https:\/\/www.evearly.news\/fr\/wp-json\/wp\/v2\/types\/post"}],"author":[{"embeddable":true,"href":"https:\/\/www.evearly.news\/fr\/wp-json\/wp\/v2\/users\/9"}],"replies":[{"embeddable":true,"href":"https:\/\/www.evearly.news\/fr\/wp-json\/wp\/v2\/comments?post=275556"}],"version-history":[{"count":0,"href":"https:\/\/www.evearly.news\/fr\/wp-json\/wp\/v2\/posts\/275556\/revisions"}],"wp:featuredmedia":[{"embeddable":true,"href":"https:\/\/www.evearly.news\/fr\/wp-json\/wp\/v2\/media\/275557"}],"wp:attachment":[{"href":"https:\/\/www.evearly.news\/fr\/wp-json\/wp\/v2\/media?parent=275556"}],"wp:term":[{"taxonomy":"category","embeddable":true,"href":"https:\/\/www.evearly.news\/fr\/wp-json\/wp\/v2\/categories?post=275556"},{"taxonomy":"post_tag","embeddable":true,"href":"https:\/\/www.evearly.news\/fr\/wp-json\/wp\/v2\/tags?post=275556"}],"curies":[{"name":"wp","href":"https:\/\/api.w.org\/{rel}","templated":true}]}}