{"id":275716,"date":"2024-02-29T10:55:02","date_gmt":"2024-02-29T09:55:02","guid":{"rendered":"https:\/\/www.evearly.news\/fr\/voiture-electrique-a-moins-de-20-000e-mg-sinvite-a-la-fete\/"},"modified":"2024-02-29T10:55:02","modified_gmt":"2024-02-29T09:55:02","slug":"voiture-electrique-a-moins-de-20-000e-mg-sinvite-a-la-fete","status":"publish","type":"post","link":"https:\/\/www.evearly.news\/fr\/voiture-electrique-a-moins-de-20-000e-mg-sinvite-a-la-fete\/","title":{"rendered":"Voiture \u00e9lectrique \u00e0 moins de 20\u00a0000\u20ac : MG s\u2019invite \u00e0 la f\u00eate"},"content":{"rendered":"<p><img loading=\"lazy\" width=\"1500\" height=\"1000\" src=\"https:\/\/www.evearly.news\/fr\/wp-content\/uploads\/sites\/6\/2024\/02\/voiture-electrique-a-moins-de-20-000e-mg-sinvite-a-la-fete.jpg\" class=\"attachment-full size-full wp-post-image\" alt=\"Mg Voiture Electrique\" decoding=\"async\" srcset=\"https:\/\/www.evearly.news\/fr\/wp-content\/uploads\/sites\/6\/2024\/02\/voiture-electrique-a-moins-de-20-000e-mg-sinvite-a-la-fete.jpg 1500w, https:\/\/www.evearly.news\/fr\/wp-content\/uploads\/sites\/6\/2024\/02\/voiture-electrique-a-moins-de-20-000e-mg-sinvite-a-la-fete-1.jpg 504w, https:\/\/www.evearly.news\/fr\/wp-content\/uploads\/sites\/6\/2024\/02\/voiture-electrique-a-moins-de-20-000e-mg-sinvite-a-la-fete-2.jpg 1024w, https:\/\/www.evearly.news\/fr\/wp-content\/uploads\/sites\/6\/2024\/02\/voiture-electrique-a-moins-de-20-000e-mg-sinvite-a-la-fete-3.jpg 50w, https:\/\/www.evearly.news\/fr\/wp-content\/uploads\/sites\/6\/2024\/02\/voiture-electrique-a-moins-de-20-000e-mg-sinvite-a-la-fete-4.jpg 336w, https:\/\/www.evearly.news\/fr\/wp-content\/uploads\/sites\/6\/2024\/02\/voiture-electrique-a-moins-de-20-000e-mg-sinvite-a-la-fete-5.jpg 1400w, https:\/\/www.evearly.news\/fr\/wp-content\/uploads\/sites\/6\/2024\/02\/voiture-electrique-a-moins-de-20-000e-mg-sinvite-a-la-fete-6.jpg 680w, https:\/\/www.presse-citron.net\/app\/uploads\/2024\/02\/MG-voiture-electrique-896x597.jpg 896w\" sizes=\"auto, (max-width: 1500px) 100vw, 1500px\"><\/p>\n<p>MG veut s&rsquo;imposer sur le march\u00e9 de la voiture \u00e9lectrique fran\u00e7aise en cassant les prix, un pari gagnant ?<a href=\"https:\/\/www.presse-citron.net\/voiture-electrique-a-moins-de-20-000e-mg-sinvite-a-la-fete\/\" target='bwindow' rel=\"noopener\"> Lire la suite&#8230;<\/a><\/p>\n","protected":false},"excerpt":{"rendered":"<p>MG veut s&rsquo;imposer sur le march\u00e9 de la voiture \u00e9lectrique fran\u00e7aise en cassant les prix, un pari gagnant ?&#8230; <a class=\"continue-reading-link\" href=\"https:\/\/www.evearly.news\/fr\/voiture-electrique-a-moins-de-20-000e-mg-sinvite-a-la-fete\/\"><\/a><\/p>\n","protected":false},"author":18,"featured_media":275717,"comment_status":"closed","ping_status":"open","sticky":false,"template":"Default","format":"standard","meta":{"footnotes":""},"categories":[19],"tags":[],"class_list":["post-275716","post","type-post","status-publish","format-standard","has-post-thumbnail","hentry","category-presse-citron"],"_links":{"self":[{"href":"https:\/\/www.evearly.news\/fr\/wp-json\/wp\/v2\/posts\/275716","targetHints":{"allow":["GET"]}}],"collection":[{"href":"https:\/\/www.evearly.news\/fr\/wp-json\/wp\/v2\/posts"}],"about":[{"href":"https:\/\/www.evearly.news\/fr\/wp-json\/wp\/v2\/types\/post"}],"author":[{"embeddable":true,"href":"https:\/\/www.evearly.news\/fr\/wp-json\/wp\/v2\/users\/18"}],"replies":[{"embeddable":true,"href":"https:\/\/www.evearly.news\/fr\/wp-json\/wp\/v2\/comments?post=275716"}],"version-history":[{"count":0,"href":"https:\/\/www.evearly.news\/fr\/wp-json\/wp\/v2\/posts\/275716\/revisions"}],"wp:featuredmedia":[{"embeddable":true,"href":"https:\/\/www.evearly.news\/fr\/wp-json\/wp\/v2\/media\/275717"}],"wp:attachment":[{"href":"https:\/\/www.evearly.news\/fr\/wp-json\/wp\/v2\/media?parent=275716"}],"wp:term":[{"taxonomy":"category","embeddable":true,"href":"https:\/\/www.evearly.news\/fr\/wp-json\/wp\/v2\/categories?post=275716"},{"taxonomy":"post_tag","embeddable":true,"href":"https:\/\/www.evearly.news\/fr\/wp-json\/wp\/v2\/tags?post=275716"}],"curies":[{"name":"wp","href":"https:\/\/api.w.org\/{rel}","templated":true}]}}