{"id":275911,"date":"2024-03-03T10:20:59","date_gmt":"2024-03-03T09:20:59","guid":{"rendered":"https:\/\/www.evearly.news\/fr\/les-secrets-de-la-nouvelle-renault-5-cote-coulisses-avec-ses-designers-en-video\/"},"modified":"2024-03-03T10:20:59","modified_gmt":"2024-03-03T09:20:59","slug":"les-secrets-de-la-nouvelle-renault-5-cote-coulisses-avec-ses-designers-en-video","status":"publish","type":"post","link":"https:\/\/www.evearly.news\/fr\/les-secrets-de-la-nouvelle-renault-5-cote-coulisses-avec-ses-designers-en-video\/","title":{"rendered":"Les secrets de la nouvelle Renault 5 c\u00f4t\u00e9 coulisses avec ses designers en VID\u00c9O"},"content":{"rendered":"<p><img decoding=\"async\" src=\"https:\/\/www.evearly.news\/fr\/wp-content\/uploads\/sites\/6\/2024\/03\/les-secrets-de-la-nouvelle-renault-5-cote-coulisses-avec-ses-designers-en-video.webp\" alt=\"auto-moto\"><br \/>Le Technocentre de Renault, en r\u00e9gion parisienne, nous a exceptionnellement ouvert ses portes pour \u00e9voquer la gen\u00e8se de la Renault 5 avec les femmes et les hommes ayant particip\u00e9 \u00e0 sa gen\u00e8se. <a href=\"https:\/\/www.auto-moto.com\/citadine\/les-secrets-de-la-nouvelle-renault-5-cote-coulisses-avec-ses-designers-en-video-30772\" target=\"blank\" rel=\"noopener\">Lire la suite&#8230;<\/a><\/p>\n","protected":false},"excerpt":{"rendered":"<p>Le Technocentre de Renault, en r\u00e9gion parisienne, nous a exceptionnellement ouvert ses portes pour \u00e9voquer la gen\u00e8se de la Renault 5 avec les femmes et les hommes ayant particip\u00e9 \u00e0 sa gen\u00e8se&#8230;. <a class=\"continue-reading-link\" href=\"https:\/\/www.evearly.news\/fr\/les-secrets-de-la-nouvelle-renault-5-cote-coulisses-avec-ses-designers-en-video\/\"><\/a><\/p>\n","protected":false},"author":9,"featured_media":275912,"comment_status":"closed","ping_status":"open","sticky":false,"template":"Default","format":"standard","meta":{"footnotes":""},"categories":[10],"tags":[],"class_list":["post-275911","post","type-post","status-publish","format-standard","has-post-thumbnail","hentry","category-auto-moto-com"],"_links":{"self":[{"href":"https:\/\/www.evearly.news\/fr\/wp-json\/wp\/v2\/posts\/275911","targetHints":{"allow":["GET"]}}],"collection":[{"href":"https:\/\/www.evearly.news\/fr\/wp-json\/wp\/v2\/posts"}],"about":[{"href":"https:\/\/www.evearly.news\/fr\/wp-json\/wp\/v2\/types\/post"}],"author":[{"embeddable":true,"href":"https:\/\/www.evearly.news\/fr\/wp-json\/wp\/v2\/users\/9"}],"replies":[{"embeddable":true,"href":"https:\/\/www.evearly.news\/fr\/wp-json\/wp\/v2\/comments?post=275911"}],"version-history":[{"count":0,"href":"https:\/\/www.evearly.news\/fr\/wp-json\/wp\/v2\/posts\/275911\/revisions"}],"wp:featuredmedia":[{"embeddable":true,"href":"https:\/\/www.evearly.news\/fr\/wp-json\/wp\/v2\/media\/275912"}],"wp:attachment":[{"href":"https:\/\/www.evearly.news\/fr\/wp-json\/wp\/v2\/media?parent=275911"}],"wp:term":[{"taxonomy":"category","embeddable":true,"href":"https:\/\/www.evearly.news\/fr\/wp-json\/wp\/v2\/categories?post=275911"},{"taxonomy":"post_tag","embeddable":true,"href":"https:\/\/www.evearly.news\/fr\/wp-json\/wp\/v2\/tags?post=275911"}],"curies":[{"name":"wp","href":"https:\/\/api.w.org\/{rel}","templated":true}]}}