{"id":275913,"date":"2024-03-03T10:26:35","date_gmt":"2024-03-03T09:26:35","guid":{"rendered":"https:\/\/www.evearly.news\/fr\/voici-le-prix-de-la-voiture-electrique-qui-se-recharge-le-plus-vite-au-monde\/"},"modified":"2024-03-03T10:26:35","modified_gmt":"2024-03-03T09:26:35","slug":"voici-le-prix-de-la-voiture-electrique-qui-se-recharge-le-plus-vite-au-monde","status":"publish","type":"post","link":"https:\/\/www.evearly.news\/fr\/voici-le-prix-de-la-voiture-electrique-qui-se-recharge-le-plus-vite-au-monde\/","title":{"rendered":"Voici le prix de la voiture \u00e9lectrique qui se recharge le plus vite au monde"},"content":{"rendered":"<p><img width=\"1200\" height=\"647\" src=\"https:\/\/www.evearly.news\/fr\/wp-content\/uploads\/sites\/6\/2024\/03\/voici-le-prix-de-la-voiture-electrique-qui-se-recharge-le-plus-vite-au-monde.jpg\" class=\"attachment-large size-large wp-post-image\" alt=\"\" decoding=\"async\" loading=\"lazy\" \/<br \/>\u00c7a y est : la Li Auto Mega, connue pour \u00eatre la voiture \u00e9lectrique se rechargeant en \u00e0 peine plus de 10 minutes, est officiellement lanc\u00e9e en Chine. Un van \u00e9lectrique hyper luxueux, avec un prix en cons\u00e9quence. On en fait le tour avec vous. <a href=\"https:\/\/www.frandroid.com\/survoltes\/voitures-electriques\/1954908_voici-le-prix-de-la-voiture-electrique-qui-se-recharge-le-plus-vite-au-monde\" target=\"blank\" rel=\"noopener\">Lire la suite&#8230;<\/a><\/p>\n","protected":false},"excerpt":{"rendered":"<p>&lt;img width=&quot;1200&quot; height=&quot;647&quot; src=&quot;https:\/\/www.evearly.news\/fr\/wp-content\/uploads\/sites\/6\/2024\/03\/voici-le-prix-de-la-voiture-electrique-qui-se-recharge-le-plus-vite-au-monde.jpg&quot; class=&quot;attachment-large size-large wp-post-image&quot; alt=&quot;&quot; decoding=&quot;async&quot; loading=&quot;lazy&quot; \/<br \/>\u00c7a y est : la Li Auto Mega, connue pour \u00eatre la voiture \u00e9lectrique se rechargeant en \u00e0 peine plus de 10 minutes, est officiellement lanc\u00e9e en Chine. Un van \u00e9lectrique hyper luxueux, avec un prix en cons\u00e9quence. On en fait le tour avec vous.<\/p>\n<p> <a class=\"continue-reading-link\" href=\"https:\/\/www.evearly.news\/fr\/voici-le-prix-de-la-voiture-electrique-qui-se-recharge-le-plus-vite-au-monde\/\"><\/a><\/p>\n","protected":false},"author":6,"featured_media":275914,"comment_status":"closed","ping_status":"open","sticky":false,"template":"Default","format":"standard","meta":{"footnotes":""},"categories":[14],"tags":[],"class_list":["post-275913","post","type-post","status-publish","format-standard","has-post-thumbnail","hentry","category-frandroid"],"_links":{"self":[{"href":"https:\/\/www.evearly.news\/fr\/wp-json\/wp\/v2\/posts\/275913","targetHints":{"allow":["GET"]}}],"collection":[{"href":"https:\/\/www.evearly.news\/fr\/wp-json\/wp\/v2\/posts"}],"about":[{"href":"https:\/\/www.evearly.news\/fr\/wp-json\/wp\/v2\/types\/post"}],"author":[{"embeddable":true,"href":"https:\/\/www.evearly.news\/fr\/wp-json\/wp\/v2\/users\/6"}],"replies":[{"embeddable":true,"href":"https:\/\/www.evearly.news\/fr\/wp-json\/wp\/v2\/comments?post=275913"}],"version-history":[{"count":0,"href":"https:\/\/www.evearly.news\/fr\/wp-json\/wp\/v2\/posts\/275913\/revisions"}],"wp:featuredmedia":[{"embeddable":true,"href":"https:\/\/www.evearly.news\/fr\/wp-json\/wp\/v2\/media\/275914"}],"wp:attachment":[{"href":"https:\/\/www.evearly.news\/fr\/wp-json\/wp\/v2\/media?parent=275913"}],"wp:term":[{"taxonomy":"category","embeddable":true,"href":"https:\/\/www.evearly.news\/fr\/wp-json\/wp\/v2\/categories?post=275913"},{"taxonomy":"post_tag","embeddable":true,"href":"https:\/\/www.evearly.news\/fr\/wp-json\/wp\/v2\/tags?post=275913"}],"curies":[{"name":"wp","href":"https:\/\/api.w.org\/{rel}","templated":true}]}}