{"id":276173,"date":"2024-03-06T19:25:52","date_gmt":"2024-03-06T18:25:52","guid":{"rendered":"https:\/\/www.evearly.news\/fr\/on-a-essaye-le-mini-countryman-electrique-une-tres-bonne-voiture-electrique-qui-nest-plus-vraiment-compacte\/"},"modified":"2024-03-06T19:25:52","modified_gmt":"2024-03-06T18:25:52","slug":"on-a-essaye-le-mini-countryman-electrique-une-tres-bonne-voiture-electrique-qui-nest-plus-vraiment-compacte","status":"publish","type":"post","link":"https:\/\/www.evearly.news\/fr\/on-a-essaye-le-mini-countryman-electrique-une-tres-bonne-voiture-electrique-qui-nest-plus-vraiment-compacte\/","title":{"rendered":"On a essay\u00e9 le Mini Countryman \u00e9lectrique : une tr\u00e8s bonne voiture \u00e9lectrique qui n\u2019est plus vraiment compacte"},"content":{"rendered":"<p><img width=\"1200\" height=\"800\" src=\"https:\/\/www.evearly.news\/fr\/wp-content\/uploads\/sites\/6\/2024\/03\/on-a-essaye-le-mini-countryman-electrique-une-tres-bonne-voiture-electrique-qui-nest-plus-vraiment-compacte.jpg\" class=\"attachment-large size-large wp-post-image\" alt=\"\" decoding=\"async\" loading=\"lazy\" \/<br \/>Quoi de mieux qu&rsquo;une Mini pour passer \u00e0 l&rsquo;\u00e9lectrique ? Si la pr\u00e9c\u00e9dente g\u00e9n\u00e9ration de Mini Cooper \u00e9lectrique nous avait un peu laiss\u00e9 sur notre faim avec une autonomie vraiment r\u00e9duite, la nouvelle qui arrive affiche de belles promesses. Mais avant \u00e7a, c&rsquo;est la Mini des familles, \u00e0 savoir le Countryman, qui passe \u00e0 l&rsquo;\u00e9lectrique et nous nous sommes gliss\u00e9s derri\u00e8re son volant pour un premier tour de roue. <a href=\"https:\/\/www.frandroid.com\/marques\/mini\/1954402_on-a-essaye-le-mini-countryman-electrique-une-tres-bonne-voiture-electrique-qui-nest-plus-vraiment-compacte\" target=\"blank\" rel=\"noopener\">Lire la suite&#8230;<\/a><\/p>\n","protected":false},"excerpt":{"rendered":"<p>&lt;img width=&quot;1200&quot; height=&quot;800&quot; src=&quot;https:\/\/www.evearly.news\/fr\/wp-content\/uploads\/sites\/6\/2024\/03\/on-a-essaye-le-mini-countryman-electrique-une-tres-bonne-voiture-electrique-qui-nest-plus-vraiment-compacte.jpg&quot; class=&quot;attachment-large size-large wp-post-image&quot; alt=&quot;&quot; decoding=&quot;async&quot; loading=&quot;lazy&quot; \/<br \/>Quoi de mieux qu&rsquo;une Mini pour passer \u00e0 l&rsquo;\u00e9lectrique ? Si la pr\u00e9c\u00e9dente g\u00e9n\u00e9ration de Mini Cooper \u00e9lectrique nous avait un peu laiss\u00e9 sur notre faim avec une autonomie vraiment r\u00e9duite, la nouvelle qui arrive affiche de belles promesses. Mais avant \u00e7a, c&rsquo;est la Mini des familles, \u00e0 savoir le Countryman, qui passe \u00e0 l&rsquo;\u00e9lectrique et nous nous sommes gliss\u00e9s derri\u00e8re son volant pour un premier tour de roue.<\/p>\n<p> <a class=\"continue-reading-link\" href=\"https:\/\/www.evearly.news\/fr\/on-a-essaye-le-mini-countryman-electrique-une-tres-bonne-voiture-electrique-qui-nest-plus-vraiment-compacte\/\"><\/a><\/p>\n","protected":false},"author":6,"featured_media":276174,"comment_status":"closed","ping_status":"open","sticky":false,"template":"Default","format":"standard","meta":{"footnotes":""},"categories":[14],"tags":[],"class_list":["post-276173","post","type-post","status-publish","format-standard","has-post-thumbnail","hentry","category-frandroid"],"_links":{"self":[{"href":"https:\/\/www.evearly.news\/fr\/wp-json\/wp\/v2\/posts\/276173","targetHints":{"allow":["GET"]}}],"collection":[{"href":"https:\/\/www.evearly.news\/fr\/wp-json\/wp\/v2\/posts"}],"about":[{"href":"https:\/\/www.evearly.news\/fr\/wp-json\/wp\/v2\/types\/post"}],"author":[{"embeddable":true,"href":"https:\/\/www.evearly.news\/fr\/wp-json\/wp\/v2\/users\/6"}],"replies":[{"embeddable":true,"href":"https:\/\/www.evearly.news\/fr\/wp-json\/wp\/v2\/comments?post=276173"}],"version-history":[{"count":0,"href":"https:\/\/www.evearly.news\/fr\/wp-json\/wp\/v2\/posts\/276173\/revisions"}],"wp:featuredmedia":[{"embeddable":true,"href":"https:\/\/www.evearly.news\/fr\/wp-json\/wp\/v2\/media\/276174"}],"wp:attachment":[{"href":"https:\/\/www.evearly.news\/fr\/wp-json\/wp\/v2\/media?parent=276173"}],"wp:term":[{"taxonomy":"category","embeddable":true,"href":"https:\/\/www.evearly.news\/fr\/wp-json\/wp\/v2\/categories?post=276173"},{"taxonomy":"post_tag","embeddable":true,"href":"https:\/\/www.evearly.news\/fr\/wp-json\/wp\/v2\/tags?post=276173"}],"curies":[{"name":"wp","href":"https:\/\/api.w.org\/{rel}","templated":true}]}}