{"id":276181,"date":"2024-03-07T07:23:08","date_gmt":"2024-03-07T06:23:08","guid":{"rendered":"https:\/\/www.evearly.news\/fr\/voici-combien-de-temps-il-faudra-pour-que-la-voiture-electrique-remplace-la-voiture-thermique-sur-terre\/"},"modified":"2024-03-07T07:23:08","modified_gmt":"2024-03-07T06:23:08","slug":"voici-combien-de-temps-il-faudra-pour-que-la-voiture-electrique-remplace-la-voiture-thermique-sur-terre","status":"publish","type":"post","link":"https:\/\/www.evearly.news\/fr\/voici-combien-de-temps-il-faudra-pour-que-la-voiture-electrique-remplace-la-voiture-thermique-sur-terre\/","title":{"rendered":"Voici combien de temps il faudra pour que la voiture \u00e9lectrique remplace la voiture thermique sur Terre"},"content":{"rendered":"<p><img width=\"1400\" height=\"932\" src=\"https:\/\/www.evearly.news\/fr\/wp-content\/uploads\/sites\/6\/2024\/03\/voici-combien-de-temps-il-faudra-pour-que-la-voiture-electrique-remplace-la-voiture-thermique-sur-terre.jpg\" class=\"attachment-full size-full wp-post-image\" alt=\"Essai Tesla Model 3 Amelioree Prix\" decoding=\"async\" loading=\"lazy\" srcset=\"https:\/\/www.evearly.news\/fr\/wp-content\/uploads\/sites\/6\/2024\/03\/voici-combien-de-temps-il-faudra-pour-que-la-voiture-electrique-remplace-la-voiture-thermique-sur-terre.jpg 1400w, https:\/\/www.evearly.news\/fr\/wp-content\/uploads\/sites\/6\/2024\/03\/voici-combien-de-temps-il-faudra-pour-que-la-voiture-electrique-remplace-la-voiture-thermique-sur-terre-1.jpg 505w, https:\/\/www.evearly.news\/fr\/wp-content\/uploads\/sites\/6\/2024\/03\/voici-combien-de-temps-il-faudra-pour-que-la-voiture-electrique-remplace-la-voiture-thermique-sur-terre-2.jpg 1024w, https:\/\/www.evearly.news\/fr\/wp-content\/uploads\/sites\/6\/2024\/03\/voici-combien-de-temps-il-faudra-pour-que-la-voiture-electrique-remplace-la-voiture-thermique-sur-terre-3.jpg 50w, https:\/\/www.evearly.news\/fr\/wp-content\/uploads\/sites\/6\/2024\/03\/voici-combien-de-temps-il-faudra-pour-que-la-voiture-electrique-remplace-la-voiture-thermique-sur-terre-4.jpg 336w, https:\/\/www.evearly.news\/fr\/wp-content\/uploads\/sites\/6\/2024\/03\/voici-combien-de-temps-il-faudra-pour-que-la-voiture-electrique-remplace-la-voiture-thermique-sur-terre-5.jpg 680w, https:\/\/www.presse-citron.net\/app\/uploads\/2023\/11\/essai-tesla-model-3-amelioree-prix-896x596.jpg 896w\" sizes=\"auto, (max-width: 1400px) 100vw, 1400px\"><\/p>\n<p>Le monde mise sur l&rsquo;\u00e9lectrique pour r\u00e9duire les \u00e9missions globales du milieu automobile. Mais combien de temps faudrait-il pour remplacer toutes les thermiques ?<a href=\"https:\/\/www.presse-citron.net\/voici-combien-de-temps-il-faudra-pour-que-la-voiture-electrique-remplace-la-voiture-thermique-sur-terre\/\" target='bwindow' rel=\"noopener\"> Lire la suite&#8230;<\/a><\/p>\n","protected":false},"excerpt":{"rendered":"<p>Le monde mise sur l&rsquo;\u00e9lectrique pour r\u00e9duire les \u00e9missions globales du milieu automobile. Mais combien de temps faudrait-il pour remplacer toutes les thermiques ?&#8230; <a class=\"continue-reading-link\" href=\"https:\/\/www.evearly.news\/fr\/voici-combien-de-temps-il-faudra-pour-que-la-voiture-electrique-remplace-la-voiture-thermique-sur-terre\/\"><\/a><\/p>\n","protected":false},"author":18,"featured_media":276182,"comment_status":"closed","ping_status":"open","sticky":false,"template":"Default","format":"standard","meta":{"footnotes":""},"categories":[19],"tags":[],"class_list":["post-276181","post","type-post","status-publish","format-standard","has-post-thumbnail","hentry","category-presse-citron"],"_links":{"self":[{"href":"https:\/\/www.evearly.news\/fr\/wp-json\/wp\/v2\/posts\/276181","targetHints":{"allow":["GET"]}}],"collection":[{"href":"https:\/\/www.evearly.news\/fr\/wp-json\/wp\/v2\/posts"}],"about":[{"href":"https:\/\/www.evearly.news\/fr\/wp-json\/wp\/v2\/types\/post"}],"author":[{"embeddable":true,"href":"https:\/\/www.evearly.news\/fr\/wp-json\/wp\/v2\/users\/18"}],"replies":[{"embeddable":true,"href":"https:\/\/www.evearly.news\/fr\/wp-json\/wp\/v2\/comments?post=276181"}],"version-history":[{"count":0,"href":"https:\/\/www.evearly.news\/fr\/wp-json\/wp\/v2\/posts\/276181\/revisions"}],"wp:featuredmedia":[{"embeddable":true,"href":"https:\/\/www.evearly.news\/fr\/wp-json\/wp\/v2\/media\/276182"}],"wp:attachment":[{"href":"https:\/\/www.evearly.news\/fr\/wp-json\/wp\/v2\/media?parent=276181"}],"wp:term":[{"taxonomy":"category","embeddable":true,"href":"https:\/\/www.evearly.news\/fr\/wp-json\/wp\/v2\/categories?post=276181"},{"taxonomy":"post_tag","embeddable":true,"href":"https:\/\/www.evearly.news\/fr\/wp-json\/wp\/v2\/tags?post=276181"}],"curies":[{"name":"wp","href":"https:\/\/api.w.org\/{rel}","templated":true}]}}