{"id":276282,"date":"2024-03-07T20:58:53","date_gmt":"2024-03-07T19:58:53","guid":{"rendered":"https:\/\/www.evearly.news\/fr\/le-marche-francais-des-bornes-de-recharge-est-en-pleine-ebullition\/"},"modified":"2024-03-07T20:58:53","modified_gmt":"2024-03-07T19:58:53","slug":"le-marche-francais-des-bornes-de-recharge-est-en-pleine-ebullition","status":"publish","type":"post","link":"https:\/\/www.evearly.news\/fr\/le-marche-francais-des-bornes-de-recharge-est-en-pleine-ebullition\/","title":{"rendered":"Le march\u00e9 fran\u00e7ais des bornes de recharge est en pleine \u00e9bullition"},"content":{"rendered":"<p><img loading=\"lazy\" width=\"1400\" height=\"932\" src=\"https:\/\/www.evearly.news\/fr\/wp-content\/uploads\/sites\/6\/2024\/03\/le-marche-francais-des-bornes-de-recharge-est-en-pleine-ebullition.jpg\" class=\"attachment-full size-full wp-post-image\" alt=\"ionity borne 2023\" decoding=\"async\" srcset=\"https:\/\/www.evearly.news\/fr\/wp-content\/uploads\/sites\/6\/2024\/03\/le-marche-francais-des-bornes-de-recharge-est-en-pleine-ebullition.jpg 1400w, https:\/\/www.evearly.news\/fr\/wp-content\/uploads\/sites\/6\/2024\/03\/le-marche-francais-des-bornes-de-recharge-est-en-pleine-ebullition-1.jpg 505w, https:\/\/www.evearly.news\/fr\/wp-content\/uploads\/sites\/6\/2024\/03\/le-marche-francais-des-bornes-de-recharge-est-en-pleine-ebullition-2.jpg 1024w, https:\/\/www.presse-citron.net\/app\/uploads\/2023\/03\/borne-ionity-2023-50x33.jpg 50w\" sizes=\"auto, (max-width: 1400px) 100vw, 1400px\"><\/p>\n<p>Nos confr\u00e8res de AutoPlus reviennent sur le march\u00e9 des bornes de recharge en France &#8211; l&rsquo;occasion de faire un tour d&rsquo;horizon de Tesla, aux plus jeunes pousses du pays.<a href=\"https:\/\/www.presse-citron.net\/le-marche-francais-des-bornes-de-recharge-est-en-pleine-ebullition\/\" target='bwindow' rel=\"noopener\"> Lire la suite&#8230;<\/a><\/p>\n","protected":false},"excerpt":{"rendered":"<p>Nos confr\u00e8res de AutoPlus reviennent sur le march\u00e9 des bornes de recharge en France &#8211; l&rsquo;occasion de faire un tour d&rsquo;horizon de Tesla, aux plus jeunes pousses du pays&#8230;. <a class=\"continue-reading-link\" href=\"https:\/\/www.evearly.news\/fr\/le-marche-francais-des-bornes-de-recharge-est-en-pleine-ebullition\/\"><\/a><\/p>\n","protected":false},"author":18,"featured_media":276283,"comment_status":"closed","ping_status":"open","sticky":false,"template":"Default","format":"standard","meta":{"footnotes":""},"categories":[19],"tags":[],"class_list":["post-276282","post","type-post","status-publish","format-standard","has-post-thumbnail","hentry","category-presse-citron"],"_links":{"self":[{"href":"https:\/\/www.evearly.news\/fr\/wp-json\/wp\/v2\/posts\/276282","targetHints":{"allow":["GET"]}}],"collection":[{"href":"https:\/\/www.evearly.news\/fr\/wp-json\/wp\/v2\/posts"}],"about":[{"href":"https:\/\/www.evearly.news\/fr\/wp-json\/wp\/v2\/types\/post"}],"author":[{"embeddable":true,"href":"https:\/\/www.evearly.news\/fr\/wp-json\/wp\/v2\/users\/18"}],"replies":[{"embeddable":true,"href":"https:\/\/www.evearly.news\/fr\/wp-json\/wp\/v2\/comments?post=276282"}],"version-history":[{"count":0,"href":"https:\/\/www.evearly.news\/fr\/wp-json\/wp\/v2\/posts\/276282\/revisions"}],"wp:featuredmedia":[{"embeddable":true,"href":"https:\/\/www.evearly.news\/fr\/wp-json\/wp\/v2\/media\/276283"}],"wp:attachment":[{"href":"https:\/\/www.evearly.news\/fr\/wp-json\/wp\/v2\/media?parent=276282"}],"wp:term":[{"taxonomy":"category","embeddable":true,"href":"https:\/\/www.evearly.news\/fr\/wp-json\/wp\/v2\/categories?post=276282"},{"taxonomy":"post_tag","embeddable":true,"href":"https:\/\/www.evearly.news\/fr\/wp-json\/wp\/v2\/tags?post=276282"}],"curies":[{"name":"wp","href":"https:\/\/api.w.org\/{rel}","templated":true}]}}