{"id":276284,"date":"2024-03-07T21:53:12","date_gmt":"2024-03-07T20:53:12","guid":{"rendered":"https:\/\/www.evearly.news\/fr\/cette-moto-electrique-francaise-va-vous-donner-envie-de-passer-a-lelectrique\/"},"modified":"2024-03-07T21:53:12","modified_gmt":"2024-03-07T20:53:12","slug":"cette-moto-electrique-francaise-va-vous-donner-envie-de-passer-a-lelectrique","status":"publish","type":"post","link":"https:\/\/www.evearly.news\/fr\/cette-moto-electrique-francaise-va-vous-donner-envie-de-passer-a-lelectrique\/","title":{"rendered":"Cette moto \u00e9lectrique fran\u00e7aise va vous donner envie de passer \u00e0 l\u2019\u00e9lectrique"},"content":{"rendered":"<p><img loading=\"lazy\" width=\"1200\" height=\"800\" src=\"https:\/\/www.evearly.news\/fr\/wp-content\/uploads\/sites\/6\/2024\/03\/cette-moto-electrique-francaise-va-vous-donner-envie-de-passer-a-lelectrique.jpg\" class=\"attachment-large size-large wp-post-image\" alt=\"\" decoding=\"async\" \/<br \/>Murtas, le constructeur fran\u00e7ais de scooters \u00e9lectriques, pr\u00e9sente sa premi\u00e8re moto 100 % \u00e9lectrique \u00e0 l&rsquo;occasion du Salon du 2 Roues de Lyon. Il s&rsquo;agit de la TX, un trail \u00e9quivalent 125 cm\u00b3, dont voici toutes ses caract\u00e9ristiques. <a href=\"https:\/\/www.frandroid.com\/survoltes\/moto\/1958782_cette-moto-electrique-francaise-va-vous-donner-envie-de-passer-a-lelectrique\" target=\"blank\" rel=\"noopener\">Lire la suite&#8230;<\/a><\/p>\n","protected":false},"excerpt":{"rendered":"<p> <a class=\"continue-reading-link\" href=\"https:\/\/www.evearly.news\/fr\/cette-moto-electrique-francaise-va-vous-donner-envie-de-passer-a-lelectrique\/\"><\/a><\/p>\n","protected":false},"author":6,"featured_media":276285,"comment_status":"closed","ping_status":"open","sticky":false,"template":"Default","format":"standard","meta":{"footnotes":""},"categories":[6],"tags":[],"class_list":["post-276284","post","type-post","status-publish","format-standard","has-post-thumbnail","hentry","category-frandroid-moto"],"_links":{"self":[{"href":"https:\/\/www.evearly.news\/fr\/wp-json\/wp\/v2\/posts\/276284","targetHints":{"allow":["GET"]}}],"collection":[{"href":"https:\/\/www.evearly.news\/fr\/wp-json\/wp\/v2\/posts"}],"about":[{"href":"https:\/\/www.evearly.news\/fr\/wp-json\/wp\/v2\/types\/post"}],"author":[{"embeddable":true,"href":"https:\/\/www.evearly.news\/fr\/wp-json\/wp\/v2\/users\/6"}],"replies":[{"embeddable":true,"href":"https:\/\/www.evearly.news\/fr\/wp-json\/wp\/v2\/comments?post=276284"}],"version-history":[{"count":0,"href":"https:\/\/www.evearly.news\/fr\/wp-json\/wp\/v2\/posts\/276284\/revisions"}],"wp:featuredmedia":[{"embeddable":true,"href":"https:\/\/www.evearly.news\/fr\/wp-json\/wp\/v2\/media\/276285"}],"wp:attachment":[{"href":"https:\/\/www.evearly.news\/fr\/wp-json\/wp\/v2\/media?parent=276284"}],"wp:term":[{"taxonomy":"category","embeddable":true,"href":"https:\/\/www.evearly.news\/fr\/wp-json\/wp\/v2\/categories?post=276284"},{"taxonomy":"post_tag","embeddable":true,"href":"https:\/\/www.evearly.news\/fr\/wp-json\/wp\/v2\/tags?post=276284"}],"curies":[{"name":"wp","href":"https:\/\/api.w.org\/{rel}","templated":true}]}}