{"id":276443,"date":"2024-03-11T10:25:55","date_gmt":"2024-03-11T09:25:55","guid":{"rendered":"https:\/\/www.evearly.news\/fr\/solterra-et-bz4x-deux-suv-electriques-mais-on-fonce-sur-la-toyota-ou-on-considere-la-subaru\/"},"modified":"2024-03-11T10:25:55","modified_gmt":"2024-03-11T09:25:55","slug":"solterra-et-bz4x-deux-suv-electriques-mais-on-fonce-sur-la-toyota-ou-on-considere-la-subaru","status":"publish","type":"post","link":"https:\/\/www.evearly.news\/fr\/solterra-et-bz4x-deux-suv-electriques-mais-on-fonce-sur-la-toyota-ou-on-considere-la-subaru\/","title":{"rendered":"Solterra et bZ4X : deux SUV \u00e9lectriques, mais on fonce sur la Toyota ou on consid\u00e8re la Subaru ?"},"content":{"rendered":"<div class=\"media_block\"><img decoding=\"async\" src=\"https:\/\/www.evearly.news\/fr\/wp-content\/uploads\/sites\/6\/2024\/03\/solterra-et-bz4x-deux-suv-electriques-mais-on-fonce-sur-la-toyota-ou-on-considere-la-subaru.jpg\"><\/div>\n<p>Subaru Solterra et Toyota bZ4X sont des clones d\u00e9velopp\u00e9s sur une plateforme commune. Mais jusqu\u2019ici, le bZ4X paraissait clairement mieux arm\u00e9 pour le march\u00e9 fran\u00e7ais. La r\u00e9cente r\u00e9vision des prix chez Subaru peut-elle rebattre les cartes ? <a href=\"https:\/\/www.automobile-magazine.fr\/voitures-electriques\/article\/42147-solterra-et-bz4x-deux-suv-electriques-mais-on-fonce-sur-la-toyota-ou-on-considere-la-subaru\" target='bwindow' rel=\"noopener\">Lire la suite&#8230;<\/a><\/p>\n","protected":false},"excerpt":{"rendered":"<div class=\"media_block\"><img decoding=\"async\" src=\"https:\/\/www.evearly.news\/fr\/wp-content\/uploads\/sites\/6\/2024\/03\/solterra-et-bz4x-deux-suv-electriques-mais-on-fonce-sur-la-toyota-ou-on-considere-la-subaru.jpg\"><\/div>\n<p> <a class=\"continue-reading-link\" href=\"https:\/\/www.evearly.news\/fr\/solterra-et-bz4x-deux-suv-electriques-mais-on-fonce-sur-la-toyota-ou-on-considere-la-subaru\/\"><\/a><\/p>\n","protected":false},"author":7,"featured_media":276444,"comment_status":"closed","ping_status":"open","sticky":false,"template":"Default","format":"standard","meta":{"footnotes":""},"categories":[7],"tags":[],"class_list":["post-276443","post","type-post","status-publish","format-standard","has-post-thumbnail","hentry","category-automobile-magazine"],"_links":{"self":[{"href":"https:\/\/www.evearly.news\/fr\/wp-json\/wp\/v2\/posts\/276443","targetHints":{"allow":["GET"]}}],"collection":[{"href":"https:\/\/www.evearly.news\/fr\/wp-json\/wp\/v2\/posts"}],"about":[{"href":"https:\/\/www.evearly.news\/fr\/wp-json\/wp\/v2\/types\/post"}],"author":[{"embeddable":true,"href":"https:\/\/www.evearly.news\/fr\/wp-json\/wp\/v2\/users\/7"}],"replies":[{"embeddable":true,"href":"https:\/\/www.evearly.news\/fr\/wp-json\/wp\/v2\/comments?post=276443"}],"version-history":[{"count":0,"href":"https:\/\/www.evearly.news\/fr\/wp-json\/wp\/v2\/posts\/276443\/revisions"}],"wp:featuredmedia":[{"embeddable":true,"href":"https:\/\/www.evearly.news\/fr\/wp-json\/wp\/v2\/media\/276444"}],"wp:attachment":[{"href":"https:\/\/www.evearly.news\/fr\/wp-json\/wp\/v2\/media?parent=276443"}],"wp:term":[{"taxonomy":"category","embeddable":true,"href":"https:\/\/www.evearly.news\/fr\/wp-json\/wp\/v2\/categories?post=276443"},{"taxonomy":"post_tag","embeddable":true,"href":"https:\/\/www.evearly.news\/fr\/wp-json\/wp\/v2\/tags?post=276443"}],"curies":[{"name":"wp","href":"https:\/\/api.w.org\/{rel}","templated":true}]}}