{"id":276452,"date":"2024-03-11T10:30:45","date_gmt":"2024-03-11T09:30:45","guid":{"rendered":"https:\/\/www.evearly.news\/fr\/mauvaise-surprise-pour-lautonomie-du-peugeot-e-3008-electrique-le-plus-attendu\/"},"modified":"2024-03-11T10:30:45","modified_gmt":"2024-03-11T09:30:45","slug":"mauvaise-surprise-pour-lautonomie-du-peugeot-e-3008-electrique-le-plus-attendu","status":"publish","type":"post","link":"https:\/\/www.evearly.news\/fr\/mauvaise-surprise-pour-lautonomie-du-peugeot-e-3008-electrique-le-plus-attendu\/","title":{"rendered":"Mauvaise surprise pour l\u2019autonomie du Peugeot e-3008 \u00e9lectrique le plus attendu"},"content":{"rendered":"<p><img width=\"1200\" height=\"801\" src=\"https:\/\/www.evearly.news\/fr\/wp-content\/uploads\/sites\/6\/2024\/03\/mauvaise-surprise-pour-lautonomie-du-peugeot-e-3008-electrique-le-plus-attendu.jpg\" class=\"attachment-large size-large wp-post-image\" alt=\"\" decoding=\"async\" loading=\"lazy\" \/<br \/>Annonc\u00e9e avec 700 kilom\u00e8tres d&rsquo;autonomie, la Peugeot e-3008 dot\u00e9e de la plus grande batterie nous donne de ses nouvelles. Et celles-ci sont d\u00e9cevantes, puisque la nouvelle voiture \u00e9lectrique fran\u00e7aise revoit finalement ses ambitions \u00e0 la baisse et se cantonne \u00e0 680 kilom\u00e8tres. <a href=\"https:\/\/www.frandroid.com\/marques\/peugeot\/1961024_mauvaise-surprise-pour-lautonomie-du-peugeot-e-3008-electrique-le-plus-attendu\" target=\"blank\" rel=\"noopener\">Lire la suite&#8230;<\/a><\/p>\n","protected":false},"excerpt":{"rendered":"<p>&lt;img width=&quot;1200&quot; height=&quot;801&quot; src=&quot;https:\/\/www.evearly.news\/fr\/wp-content\/uploads\/sites\/6\/2024\/03\/mauvaise-surprise-pour-lautonomie-du-peugeot-e-3008-electrique-le-plus-attendu.jpg&quot; class=&quot;attachment-large size-large wp-post-image&quot; alt=&quot;&quot; decoding=&quot;async&quot; loading=&quot;lazy&quot; \/<br \/>Annonc\u00e9e avec 700 kilom\u00e8tres d&rsquo;autonomie, la Peugeot e-3008 dot\u00e9e de la plus grande batterie nous donne de ses nouvelles. Et celles-ci sont d\u00e9cevantes, puisque la nouvelle voiture \u00e9lectrique fran\u00e7aise revoit finalement ses ambitions \u00e0 la baisse et se cantonne \u00e0 680 kilom\u00e8tres.<\/p>\n<p> <a class=\"continue-reading-link\" href=\"https:\/\/www.evearly.news\/fr\/mauvaise-surprise-pour-lautonomie-du-peugeot-e-3008-electrique-le-plus-attendu\/\"><\/a><\/p>\n","protected":false},"author":6,"featured_media":276453,"comment_status":"closed","ping_status":"open","sticky":false,"template":"Default","format":"standard","meta":{"footnotes":""},"categories":[14],"tags":[],"class_list":["post-276452","post","type-post","status-publish","format-standard","has-post-thumbnail","hentry","category-frandroid"],"_links":{"self":[{"href":"https:\/\/www.evearly.news\/fr\/wp-json\/wp\/v2\/posts\/276452","targetHints":{"allow":["GET"]}}],"collection":[{"href":"https:\/\/www.evearly.news\/fr\/wp-json\/wp\/v2\/posts"}],"about":[{"href":"https:\/\/www.evearly.news\/fr\/wp-json\/wp\/v2\/types\/post"}],"author":[{"embeddable":true,"href":"https:\/\/www.evearly.news\/fr\/wp-json\/wp\/v2\/users\/6"}],"replies":[{"embeddable":true,"href":"https:\/\/www.evearly.news\/fr\/wp-json\/wp\/v2\/comments?post=276452"}],"version-history":[{"count":0,"href":"https:\/\/www.evearly.news\/fr\/wp-json\/wp\/v2\/posts\/276452\/revisions"}],"wp:featuredmedia":[{"embeddable":true,"href":"https:\/\/www.evearly.news\/fr\/wp-json\/wp\/v2\/media\/276453"}],"wp:attachment":[{"href":"https:\/\/www.evearly.news\/fr\/wp-json\/wp\/v2\/media?parent=276452"}],"wp:term":[{"taxonomy":"category","embeddable":true,"href":"https:\/\/www.evearly.news\/fr\/wp-json\/wp\/v2\/categories?post=276452"},{"taxonomy":"post_tag","embeddable":true,"href":"https:\/\/www.evearly.news\/fr\/wp-json\/wp\/v2\/tags?post=276452"}],"curies":[{"name":"wp","href":"https:\/\/api.w.org\/{rel}","templated":true}]}}