{"id":276464,"date":"2024-03-11T11:56:16","date_gmt":"2024-03-11T10:56:16","guid":{"rendered":"https:\/\/www.evearly.news\/fr\/voici-la-solution-de-tesla-pour-eviter-les-bagarres-aux-superchargeurs-avec-les-conducteurs-dune-voiture-electrique-concurrente\/"},"modified":"2024-03-11T11:56:16","modified_gmt":"2024-03-11T10:56:16","slug":"voici-la-solution-de-tesla-pour-eviter-les-bagarres-aux-superchargeurs-avec-les-conducteurs-dune-voiture-electrique-concurrente","status":"publish","type":"post","link":"https:\/\/www.evearly.news\/fr\/voici-la-solution-de-tesla-pour-eviter-les-bagarres-aux-superchargeurs-avec-les-conducteurs-dune-voiture-electrique-concurrente\/","title":{"rendered":"Voici la solution de Tesla pour \u00e9viter les bagarres aux Superchargeurs avec les conducteurs d\u2019une voiture \u00e9lectrique concurrente"},"content":{"rendered":"<p><img loading=\"lazy\" width=\"1200\" height=\"800\" src=\"https:\/\/www.evearly.news\/fr\/wp-content\/uploads\/sites\/6\/2024\/03\/voici-la-solution-de-tesla-pour-eviter-les-bagarres-aux-superchargeurs-avec-les-conducteurs-dune-voiture-electrique-concurrente.jpg\" class=\"attachment-large size-large wp-post-image\" alt=\"\" decoding=\"async\" \/<br \/>Tesla est actuellement en train de travailler au d\u00e9veloppement d&rsquo;une rallonge con\u00e7ue pour ses Superchargeurs. Le but ? \u00c9viter que certaines voitures \u00e9lectriques de marques concurrentes soient contraintes d&rsquo;occuper deux places \u00e0 la borne de recharge.  <a href=\"https:\/\/www.frandroid.com\/marques\/tesla\/1961028_voici-la-solution-de-tesla-pour-eviter-les-bagarres-aux-superchargeurs-avec-les-conducteurs-dune-voiture-electrique-concurrente\" target=\"blank\" rel=\"noopener\">Lire la suite&#8230;<\/a><\/p>\n","protected":false},"excerpt":{"rendered":"<p>&lt;img width=&quot;1200&quot; height=&quot;800&quot; src=&quot;https:\/\/www.evearly.news\/fr\/wp-content\/uploads\/sites\/6\/2024\/03\/voici-la-solution-de-tesla-pour-eviter-les-bagarres-aux-superchargeurs-avec-les-conducteurs-dune-voiture-electrique-concurrente.jpg&quot; class=&quot;attachment-large size-large wp-post-image&quot; alt=&quot;&quot; decoding=&quot;async&quot; \/<br \/>Tesla est actuellement en train de travailler au d\u00e9veloppement d&rsquo;une rallonge con\u00e7ue pour ses Superchargeurs. Le but ? \u00c9viter que certaines voitures \u00e9lectriques de marques concurrentes soient contraintes d&rsquo;occuper deux places \u00e0 la borne de recharge. <\/p>\n<p> <a class=\"continue-reading-link\" href=\"https:\/\/www.evearly.news\/fr\/voici-la-solution-de-tesla-pour-eviter-les-bagarres-aux-superchargeurs-avec-les-conducteurs-dune-voiture-electrique-concurrente\/\"><\/a><\/p>\n","protected":false},"author":6,"featured_media":276465,"comment_status":"closed","ping_status":"open","sticky":false,"template":"Default","format":"standard","meta":{"footnotes":""},"categories":[14],"tags":[],"class_list":["post-276464","post","type-post","status-publish","format-standard","has-post-thumbnail","hentry","category-frandroid"],"_links":{"self":[{"href":"https:\/\/www.evearly.news\/fr\/wp-json\/wp\/v2\/posts\/276464","targetHints":{"allow":["GET"]}}],"collection":[{"href":"https:\/\/www.evearly.news\/fr\/wp-json\/wp\/v2\/posts"}],"about":[{"href":"https:\/\/www.evearly.news\/fr\/wp-json\/wp\/v2\/types\/post"}],"author":[{"embeddable":true,"href":"https:\/\/www.evearly.news\/fr\/wp-json\/wp\/v2\/users\/6"}],"replies":[{"embeddable":true,"href":"https:\/\/www.evearly.news\/fr\/wp-json\/wp\/v2\/comments?post=276464"}],"version-history":[{"count":0,"href":"https:\/\/www.evearly.news\/fr\/wp-json\/wp\/v2\/posts\/276464\/revisions"}],"wp:featuredmedia":[{"embeddable":true,"href":"https:\/\/www.evearly.news\/fr\/wp-json\/wp\/v2\/media\/276465"}],"wp:attachment":[{"href":"https:\/\/www.evearly.news\/fr\/wp-json\/wp\/v2\/media?parent=276464"}],"wp:term":[{"taxonomy":"category","embeddable":true,"href":"https:\/\/www.evearly.news\/fr\/wp-json\/wp\/v2\/categories?post=276464"},{"taxonomy":"post_tag","embeddable":true,"href":"https:\/\/www.evearly.news\/fr\/wp-json\/wp\/v2\/tags?post=276464"}],"curies":[{"name":"wp","href":"https:\/\/api.w.org\/{rel}","templated":true}]}}