{"id":276670,"date":"2024-03-13T19:21:04","date_gmt":"2024-03-13T18:21:04","guid":{"rendered":"https:\/\/www.evearly.news\/fr\/volkswagen-id-7-gtx-tourer-le-break-electrique-enfile-son-jogging\/"},"modified":"2024-03-13T19:21:04","modified_gmt":"2024-03-13T18:21:04","slug":"volkswagen-id-7-gtx-tourer-le-break-electrique-enfile-son-jogging","status":"publish","type":"post","link":"https:\/\/www.evearly.news\/fr\/volkswagen-id-7-gtx-tourer-le-break-electrique-enfile-son-jogging\/","title":{"rendered":"Volkswagen ID.7 GTX Tourer : le break \u00e9lectrique enfile son jogging"},"content":{"rendered":"<p><img decoding=\"async\" src=\"https:\/\/www.evearly.news\/fr\/wp-content\/uploads\/sites\/6\/2024\/03\/volkswagen-id-7-gtx-tourer-le-break-electrique-enfile-son-jogging.webp\" alt=\"auto-moto\"><br \/>Un mois seulement apr\u00e8s la r\u00e9v\u00e9lation de son nouveau break 100% \u00e9lectrique ID.7 Tourer, Volkswagen pr\u00e9sente d\u00e9j\u00e0 la variante sportive GTX. En m\u00eame temps que la nouvelle ID.3 GTX, le break s\u2019offre donc une poign\u00e9e de chevaux suppl\u00e9mentaires et un look plus typ\u00e9. <a href=\"https:\/\/www.auto-moto.com\/electrique\/volkswagen-id7-gtx-tourer-le-break-electrique-enfile-son-jogging-31162\" target=\"blank\" rel=\"noopener\">Lire la suite&#8230;<\/a><\/p>\n","protected":false},"excerpt":{"rendered":"<p>Un mois seulement apr\u00e8s la r\u00e9v\u00e9lation de son nouveau break 100% \u00e9lectrique ID.7 Tourer, Volkswagen pr\u00e9sente d\u00e9j\u00e0 la variante sportive GTX. En m\u00eame temps que la nouvelle ID.3 GTX, le break s\u2019offre donc une poign\u00e9e de chevaux suppl\u00e9mentaires et un look plus typ\u00e9&#8230;. <a class=\"continue-reading-link\" href=\"https:\/\/www.evearly.news\/fr\/volkswagen-id-7-gtx-tourer-le-break-electrique-enfile-son-jogging\/\"><\/a><\/p>\n","protected":false},"author":9,"featured_media":276671,"comment_status":"closed","ping_status":"open","sticky":false,"template":"Default","format":"standard","meta":{"footnotes":""},"categories":[10],"tags":[],"class_list":["post-276670","post","type-post","status-publish","format-standard","has-post-thumbnail","hentry","category-auto-moto-com"],"_links":{"self":[{"href":"https:\/\/www.evearly.news\/fr\/wp-json\/wp\/v2\/posts\/276670","targetHints":{"allow":["GET"]}}],"collection":[{"href":"https:\/\/www.evearly.news\/fr\/wp-json\/wp\/v2\/posts"}],"about":[{"href":"https:\/\/www.evearly.news\/fr\/wp-json\/wp\/v2\/types\/post"}],"author":[{"embeddable":true,"href":"https:\/\/www.evearly.news\/fr\/wp-json\/wp\/v2\/users\/9"}],"replies":[{"embeddable":true,"href":"https:\/\/www.evearly.news\/fr\/wp-json\/wp\/v2\/comments?post=276670"}],"version-history":[{"count":0,"href":"https:\/\/www.evearly.news\/fr\/wp-json\/wp\/v2\/posts\/276670\/revisions"}],"wp:featuredmedia":[{"embeddable":true,"href":"https:\/\/www.evearly.news\/fr\/wp-json\/wp\/v2\/media\/276671"}],"wp:attachment":[{"href":"https:\/\/www.evearly.news\/fr\/wp-json\/wp\/v2\/media?parent=276670"}],"wp:term":[{"taxonomy":"category","embeddable":true,"href":"https:\/\/www.evearly.news\/fr\/wp-json\/wp\/v2\/categories?post=276670"},{"taxonomy":"post_tag","embeddable":true,"href":"https:\/\/www.evearly.news\/fr\/wp-json\/wp\/v2\/tags?post=276670"}],"curies":[{"name":"wp","href":"https:\/\/api.w.org\/{rel}","templated":true}]}}