{"id":276716,"date":"2024-03-14T12:58:22","date_gmt":"2024-03-14T11:58:22","guid":{"rendered":"https:\/\/www.evearly.news\/fr\/si-vous-aimez-laventure-vous-allez-adorer-ces-nouvelles-voitures-electriques-rivian-prevues-pour-leurope\/"},"modified":"2024-03-14T12:58:22","modified_gmt":"2024-03-14T11:58:22","slug":"si-vous-aimez-laventure-vous-allez-adorer-ces-nouvelles-voitures-electriques-rivian-prevues-pour-leurope","status":"publish","type":"post","link":"https:\/\/www.evearly.news\/fr\/si-vous-aimez-laventure-vous-allez-adorer-ces-nouvelles-voitures-electriques-rivian-prevues-pour-leurope\/","title":{"rendered":"Si vous aimez l\u2019aventure, vous allez adorer ces nouvelles voitures \u00e9lectriques Rivian pr\u00e9vues pour l\u2019Europe"},"content":{"rendered":"<p><img width=\"1200\" height=\"675\" src=\"https:\/\/www.evearly.news\/fr\/wp-content\/uploads\/sites\/6\/2024\/03\/si-vous-aimez-laventure-vous-allez-adorer-ces-nouvelles-voitures-electriques-rivian-prevues-pour-leurope.jpg\" class=\"attachment-large size-large wp-post-image\" alt=\"\" decoding=\"async\" loading=\"lazy\" \/<br \/>Tout juste d\u00e9voil\u00e9es, les nouvelles voitures \u00e9lectriques Rivian R2 et R3 nous en disent encore un peu plus \u00e0 leur sujet. On d\u00e9couvre notamment qu&rsquo;elles se dotent d&#8217;emplacements con\u00e7us pour installer des accessoires tels qu&rsquo;un porte-v\u00e9lo ou une tente de toit connect\u00e9e \u00e0 la batterie de la voiture. Et le tout sans avoir besoin d&rsquo;outils.<br \/>\n <a href=\"https:\/\/www.frandroid.com\/survoltes\/voitures-electriques\/1964864_si-vous-aimez-laventure-vous-allez-adorer-ces-nouvelles-voitures-electriques-rivian-prevues-pour-leurope\" target=\"blank\" rel=\"noopener\">Lire la suite&#8230;<\/a><\/p>\n","protected":false},"excerpt":{"rendered":"<p>&lt;img width=&quot;1200&quot; height=&quot;675&quot; src=&quot;https:\/\/www.evearly.news\/fr\/wp-content\/uploads\/sites\/6\/2024\/03\/si-vous-aimez-laventure-vous-allez-adorer-ces-nouvelles-voitures-electriques-rivian-prevues-pour-leurope.jpg&quot; class=&quot;attachment-large size-large wp-post-image&quot; alt=&quot;&quot; decoding=&quot;async&quot; loading=&quot;lazy&quot; \/<br \/>Tout juste d\u00e9voil\u00e9es, les nouvelles voitures \u00e9lectriques Rivian R2 et R3 nous en disent encore un peu plus \u00e0 leur sujet. On d\u00e9couvre notamment qu&rsquo;elles se dotent d&#8217;emplacements con\u00e7us pour installer des accessoires tels qu&rsquo;un porte-v\u00e9lo ou une tente de toit connect\u00e9e \u00e0 la batterie de la voiture. Et le tout sans avoir besoin d&rsquo;outils.\n<\/p>\n<p> <a class=\"continue-reading-link\" href=\"https:\/\/www.evearly.news\/fr\/si-vous-aimez-laventure-vous-allez-adorer-ces-nouvelles-voitures-electriques-rivian-prevues-pour-leurope\/\"><\/a><\/p>\n","protected":false},"author":6,"featured_media":276717,"comment_status":"closed","ping_status":"open","sticky":false,"template":"Default","format":"standard","meta":{"footnotes":""},"categories":[14],"tags":[],"class_list":["post-276716","post","type-post","status-publish","format-standard","has-post-thumbnail","hentry","category-frandroid"],"_links":{"self":[{"href":"https:\/\/www.evearly.news\/fr\/wp-json\/wp\/v2\/posts\/276716","targetHints":{"allow":["GET"]}}],"collection":[{"href":"https:\/\/www.evearly.news\/fr\/wp-json\/wp\/v2\/posts"}],"about":[{"href":"https:\/\/www.evearly.news\/fr\/wp-json\/wp\/v2\/types\/post"}],"author":[{"embeddable":true,"href":"https:\/\/www.evearly.news\/fr\/wp-json\/wp\/v2\/users\/6"}],"replies":[{"embeddable":true,"href":"https:\/\/www.evearly.news\/fr\/wp-json\/wp\/v2\/comments?post=276716"}],"version-history":[{"count":0,"href":"https:\/\/www.evearly.news\/fr\/wp-json\/wp\/v2\/posts\/276716\/revisions"}],"wp:featuredmedia":[{"embeddable":true,"href":"https:\/\/www.evearly.news\/fr\/wp-json\/wp\/v2\/media\/276717"}],"wp:attachment":[{"href":"https:\/\/www.evearly.news\/fr\/wp-json\/wp\/v2\/media?parent=276716"}],"wp:term":[{"taxonomy":"category","embeddable":true,"href":"https:\/\/www.evearly.news\/fr\/wp-json\/wp\/v2\/categories?post=276716"},{"taxonomy":"post_tag","embeddable":true,"href":"https:\/\/www.evearly.news\/fr\/wp-json\/wp\/v2\/tags?post=276716"}],"curies":[{"name":"wp","href":"https:\/\/api.w.org\/{rel}","templated":true}]}}