{"id":276728,"date":"2024-03-14T14:54:54","date_gmt":"2024-03-14T13:54:54","guid":{"rendered":"https:\/\/www.evearly.news\/fr\/renault-5-electrique-face-a-la-citroen-e-c3-la-r5-est-plus-chere-mais-pour-de-bonnes-raisons\/"},"modified":"2024-03-14T14:54:54","modified_gmt":"2024-03-14T13:54:54","slug":"renault-5-electrique-face-a-la-citroen-e-c3-la-r5-est-plus-chere-mais-pour-de-bonnes-raisons","status":"publish","type":"post","link":"https:\/\/www.evearly.news\/fr\/renault-5-electrique-face-a-la-citroen-e-c3-la-r5-est-plus-chere-mais-pour-de-bonnes-raisons\/","title":{"rendered":"Renault 5 \u00e9lectrique face \u00e0 la Citro\u00ebn e-C3 : la R5 est plus ch\u00e8re, mais pour de bonnes raisons"},"content":{"rendered":"<div class=\"media_block\"><img decoding=\"async\" src=\"https:\/\/www.evearly.news\/fr\/wp-content\/uploads\/sites\/6\/2024\/03\/renault-5-electrique-face-a-la-citroen-e-c3-la-r5-est-plus-chere-mais-pour-de-bonnes-raisons.jpg\"><\/div>\n<p>S&rsquo;il ne fait aucun doute que la R5 sera plus ch\u00e8re que la Citro\u00ebn E-C3, il faut garder \u00e0 l&rsquo;esprit certaines caract\u00e9ristiques de la R5 qui l&#8217;emp\u00eachent d&rsquo;afficher des prix extr\u00eamement bas. <a href=\"https:\/\/www.automobile-magazine.fr\/toute-l-actualite\/article\/42245-renault-5-electrique-face-a-la-citroen-e-c3-la-r5-est-plus-chere-mais-pour-de-bonnes-raisons\" target='bwindow' rel=\"noopener\">Lire la suite&#8230;<\/a><\/p>\n","protected":false},"excerpt":{"rendered":"<div class=\"media_block\"><img decoding=\"async\" src=\"https:\/\/www.evearly.news\/fr\/wp-content\/uploads\/sites\/6\/2024\/03\/renault-5-electrique-face-a-la-citroen-e-c3-la-r5-est-plus-chere-mais-pour-de-bonnes-raisons.jpg\"><\/div>\n<p> <a class=\"continue-reading-link\" href=\"https:\/\/www.evearly.news\/fr\/renault-5-electrique-face-a-la-citroen-e-c3-la-r5-est-plus-chere-mais-pour-de-bonnes-raisons\/\"><\/a><\/p>\n","protected":false},"author":7,"featured_media":276729,"comment_status":"closed","ping_status":"open","sticky":false,"template":"Default","format":"standard","meta":{"footnotes":""},"categories":[7],"tags":[],"class_list":["post-276728","post","type-post","status-publish","format-standard","has-post-thumbnail","hentry","category-automobile-magazine"],"_links":{"self":[{"href":"https:\/\/www.evearly.news\/fr\/wp-json\/wp\/v2\/posts\/276728","targetHints":{"allow":["GET"]}}],"collection":[{"href":"https:\/\/www.evearly.news\/fr\/wp-json\/wp\/v2\/posts"}],"about":[{"href":"https:\/\/www.evearly.news\/fr\/wp-json\/wp\/v2\/types\/post"}],"author":[{"embeddable":true,"href":"https:\/\/www.evearly.news\/fr\/wp-json\/wp\/v2\/users\/7"}],"replies":[{"embeddable":true,"href":"https:\/\/www.evearly.news\/fr\/wp-json\/wp\/v2\/comments?post=276728"}],"version-history":[{"count":0,"href":"https:\/\/www.evearly.news\/fr\/wp-json\/wp\/v2\/posts\/276728\/revisions"}],"wp:featuredmedia":[{"embeddable":true,"href":"https:\/\/www.evearly.news\/fr\/wp-json\/wp\/v2\/media\/276729"}],"wp:attachment":[{"href":"https:\/\/www.evearly.news\/fr\/wp-json\/wp\/v2\/media?parent=276728"}],"wp:term":[{"taxonomy":"category","embeddable":true,"href":"https:\/\/www.evearly.news\/fr\/wp-json\/wp\/v2\/categories?post=276728"},{"taxonomy":"post_tag","embeddable":true,"href":"https:\/\/www.evearly.news\/fr\/wp-json\/wp\/v2\/tags?post=276728"}],"curies":[{"name":"wp","href":"https:\/\/api.w.org\/{rel}","templated":true}]}}