{"id":276742,"date":"2024-03-14T17:50:57","date_gmt":"2024-03-14T16:50:57","guid":{"rendered":"https:\/\/www.evearly.news\/fr\/zeekr-mix-grace-a-lelectrique-le-renouveau-du-monospace-compact\/"},"modified":"2024-03-14T17:50:57","modified_gmt":"2024-03-14T16:50:57","slug":"zeekr-mix-grace-a-lelectrique-le-renouveau-du-monospace-compact","status":"publish","type":"post","link":"https:\/\/www.evearly.news\/fr\/zeekr-mix-grace-a-lelectrique-le-renouveau-du-monospace-compact\/","title":{"rendered":"Zeekr Mix : gr\u00e2ce \u00e0 l\u2019\u00e9lectrique, le renouveau du monospace compact ?"},"content":{"rendered":"<p><img loading=\"lazy\" decoding=\"async\" width=\"500\" height=\"333\" src=\"https:\/\/www.evearly.news\/fr\/wp-content\/uploads\/sites\/6\/2024\/03\/zeekr-mix-grace-a-lelectrique-le-renouveau-du-monospace-compact.jpg\" class=\"attachment-1200x800 size-1200x800 wp-post-image\" alt=\"Zeekr Mix\" srcset=\"https:\/\/www.evearly.news\/fr\/wp-content\/uploads\/sites\/6\/2024\/03\/zeekr-mix-grace-a-lelectrique-le-renouveau-du-monospace-compact.jpg 1112w, https:\/\/www.evearly.news\/fr\/wp-content\/uploads\/sites\/6\/2024\/03\/zeekr-mix-grace-a-lelectrique-le-renouveau-du-monospace-compact-1.jpg 1024w, https:\/\/www.evearly.news\/fr\/wp-content\/uploads\/sites\/6\/2024\/03\/zeekr-mix-grace-a-lelectrique-le-renouveau-du-monospace-compact-2.jpg 768w, https:\/\/cdn.automobile-propre.com\/uploads\/2024\/03\/Zeekr_Mix_01-620x348.jpg 620w\" sizes=\"auto, (max-width: 1112px) 100vw, 1112px\" \/><br \/>\nLa marque en vogue au sein du groupe Geely se nomme Zeekr. Son cinqui\u00e8me mod\u00e8le sera un monospace \u00e9lectrique, qui devrait arriver en Europe dans les ann\u00e9es \u00e0 venir.\u00a0<a href=\"https:\/\/www.automobile-propre.com\/breves\/zeekr-mix-grace-a-lelectrique-le-renouveau-du-monospace-compact\/\" target='bwindow' rel=\"noopener\">Lire la suite&#8230;<\/a><\/p>\n","protected":false},"excerpt":{"rendered":"<p>&#8230; <a class=\"continue-reading-link\" href=\"https:\/\/www.evearly.news\/fr\/zeekr-mix-grace-a-lelectrique-le-renouveau-du-monospace-compact\/\"><\/a><\/p>\n","protected":false},"author":8,"featured_media":276743,"comment_status":"closed","ping_status":"open","sticky":false,"template":"Default","format":"standard","meta":{"footnotes":""},"categories":[8],"tags":[],"class_list":["post-276742","post","type-post","status-publish","format-standard","has-post-thumbnail","hentry","category-automobile-propre"],"_links":{"self":[{"href":"https:\/\/www.evearly.news\/fr\/wp-json\/wp\/v2\/posts\/276742","targetHints":{"allow":["GET"]}}],"collection":[{"href":"https:\/\/www.evearly.news\/fr\/wp-json\/wp\/v2\/posts"}],"about":[{"href":"https:\/\/www.evearly.news\/fr\/wp-json\/wp\/v2\/types\/post"}],"author":[{"embeddable":true,"href":"https:\/\/www.evearly.news\/fr\/wp-json\/wp\/v2\/users\/8"}],"replies":[{"embeddable":true,"href":"https:\/\/www.evearly.news\/fr\/wp-json\/wp\/v2\/comments?post=276742"}],"version-history":[{"count":0,"href":"https:\/\/www.evearly.news\/fr\/wp-json\/wp\/v2\/posts\/276742\/revisions"}],"wp:featuredmedia":[{"embeddable":true,"href":"https:\/\/www.evearly.news\/fr\/wp-json\/wp\/v2\/media\/276743"}],"wp:attachment":[{"href":"https:\/\/www.evearly.news\/fr\/wp-json\/wp\/v2\/media?parent=276742"}],"wp:term":[{"taxonomy":"category","embeddable":true,"href":"https:\/\/www.evearly.news\/fr\/wp-json\/wp\/v2\/categories?post=276742"},{"taxonomy":"post_tag","embeddable":true,"href":"https:\/\/www.evearly.news\/fr\/wp-json\/wp\/v2\/tags?post=276742"}],"curies":[{"name":"wp","href":"https:\/\/api.w.org\/{rel}","templated":true}]}}