{"id":276772,"date":"2024-03-15T09:59:14","date_gmt":"2024-03-15T08:59:14","guid":{"rendered":"https:\/\/www.evearly.news\/fr\/les-voitures-electriques-ont-un-desavantage-majeur-par-rapport-aux-thermiques\/"},"modified":"2024-03-15T09:59:14","modified_gmt":"2024-03-15T08:59:14","slug":"les-voitures-electriques-ont-un-desavantage-majeur-par-rapport-aux-thermiques","status":"publish","type":"post","link":"https:\/\/www.evearly.news\/fr\/les-voitures-electriques-ont-un-desavantage-majeur-par-rapport-aux-thermiques\/","title":{"rendered":"Les voitures \u00e9lectriques ont un d\u00e9savantage majeur par rapport aux thermiques"},"content":{"rendered":"<p><img loading=\"lazy\" width=\"1500\" height=\"1000\" src=\"https:\/\/www.evearly.news\/fr\/wp-content\/uploads\/sites\/6\/2024\/03\/les-voitures-electriques-ont-un-desavantage-majeur-par-rapport-aux-thermiques.jpg\" class=\"attachment-full size-full wp-post-image\" alt=\"Model Y\" decoding=\"async\" srcset=\"https:\/\/www.evearly.news\/fr\/wp-content\/uploads\/sites\/6\/2024\/03\/les-voitures-electriques-ont-un-desavantage-majeur-par-rapport-aux-thermiques.jpg 1500w, https:\/\/www.evearly.news\/fr\/wp-content\/uploads\/sites\/6\/2024\/03\/les-voitures-electriques-ont-un-desavantage-majeur-par-rapport-aux-thermiques-1.jpg 504w, https:\/\/www.evearly.news\/fr\/wp-content\/uploads\/sites\/6\/2024\/03\/les-voitures-electriques-ont-un-desavantage-majeur-par-rapport-aux-thermiques-2.jpg 1024w, https:\/\/www.evearly.news\/fr\/wp-content\/uploads\/sites\/6\/2024\/03\/les-voitures-electriques-ont-un-desavantage-majeur-par-rapport-aux-thermiques-3.jpg 50w, https:\/\/www.evearly.news\/fr\/wp-content\/uploads\/sites\/6\/2024\/03\/les-voitures-electriques-ont-un-desavantage-majeur-par-rapport-aux-thermiques-4.jpg 336w, https:\/\/www.evearly.news\/fr\/wp-content\/uploads\/sites\/6\/2024\/03\/les-voitures-electriques-ont-un-desavantage-majeur-par-rapport-aux-thermiques-5.jpg 1400w, https:\/\/www.evearly.news\/fr\/wp-content\/uploads\/sites\/6\/2024\/03\/les-voitures-electriques-ont-un-desavantage-majeur-par-rapport-aux-thermiques-6.jpg 680w, https:\/\/www.presse-citron.net\/app\/uploads\/2024\/02\/Model-Y-896x597.jpg 896w\" sizes=\"auto, (max-width: 1500px) 100vw, 1500px\"><\/p>\n<p>Une \u00e9tude r\u00e9v\u00e8le une limite de ces v\u00e9hicules sur un terrain particulier.<a href=\"https:\/\/www.presse-citron.net\/les-voitures-electriques-ont-un-desavantage-majeur-par-rapport-aux-thermiques\/\" target='bwindow' rel=\"noopener\"> Lire la suite&#8230;<\/a><\/p>\n","protected":false},"excerpt":{"rendered":"<p>Une \u00e9tude r\u00e9v\u00e8le une limite de ces v\u00e9hicules sur un terrain particulier&#8230;. <a class=\"continue-reading-link\" href=\"https:\/\/www.evearly.news\/fr\/les-voitures-electriques-ont-un-desavantage-majeur-par-rapport-aux-thermiques\/\"><\/a><\/p>\n","protected":false},"author":18,"featured_media":276773,"comment_status":"closed","ping_status":"open","sticky":false,"template":"Default","format":"standard","meta":{"footnotes":""},"categories":[19],"tags":[],"class_list":["post-276772","post","type-post","status-publish","format-standard","has-post-thumbnail","hentry","category-presse-citron"],"_links":{"self":[{"href":"https:\/\/www.evearly.news\/fr\/wp-json\/wp\/v2\/posts\/276772","targetHints":{"allow":["GET"]}}],"collection":[{"href":"https:\/\/www.evearly.news\/fr\/wp-json\/wp\/v2\/posts"}],"about":[{"href":"https:\/\/www.evearly.news\/fr\/wp-json\/wp\/v2\/types\/post"}],"author":[{"embeddable":true,"href":"https:\/\/www.evearly.news\/fr\/wp-json\/wp\/v2\/users\/18"}],"replies":[{"embeddable":true,"href":"https:\/\/www.evearly.news\/fr\/wp-json\/wp\/v2\/comments?post=276772"}],"version-history":[{"count":0,"href":"https:\/\/www.evearly.news\/fr\/wp-json\/wp\/v2\/posts\/276772\/revisions"}],"wp:featuredmedia":[{"embeddable":true,"href":"https:\/\/www.evearly.news\/fr\/wp-json\/wp\/v2\/media\/276773"}],"wp:attachment":[{"href":"https:\/\/www.evearly.news\/fr\/wp-json\/wp\/v2\/media?parent=276772"}],"wp:term":[{"taxonomy":"category","embeddable":true,"href":"https:\/\/www.evearly.news\/fr\/wp-json\/wp\/v2\/categories?post=276772"},{"taxonomy":"post_tag","embeddable":true,"href":"https:\/\/www.evearly.news\/fr\/wp-json\/wp\/v2\/tags?post=276772"}],"curies":[{"name":"wp","href":"https:\/\/api.w.org\/{rel}","templated":true}]}}