{"id":276791,"date":"2024-03-15T11:55:12","date_gmt":"2024-03-15T10:55:12","guid":{"rendered":"https:\/\/www.evearly.news\/fr\/skoda-epiq-25-000-e-400-km-dautonomie-un-grand-coffre-et-un-gabarit-de-kamiq\/"},"modified":"2024-03-15T11:55:12","modified_gmt":"2024-03-15T10:55:12","slug":"skoda-epiq-25-000-e-400-km-dautonomie-un-grand-coffre-et-un-gabarit-de-kamiq","status":"publish","type":"post","link":"https:\/\/www.evearly.news\/fr\/skoda-epiq-25-000-e-400-km-dautonomie-un-grand-coffre-et-un-gabarit-de-kamiq\/","title":{"rendered":"Skoda Epiq : 25 000 \u20ac, 400 km d&rsquo;autonomie, un grand coffre et un gabarit de Kamiq"},"content":{"rendered":"<div class=\"media_block\"><img decoding=\"async\" src=\"https:\/\/www.evearly.news\/fr\/wp-content\/uploads\/sites\/6\/2024\/03\/skoda-epiq-25-000-e-400-km-dautonomie-un-grand-coffre-et-un-gabarit-de-kamiq.jpg\"><\/div>\n<p>Skoda d\u00e9voile l&rsquo;Epiq, un showcar qui pr\u00e9figure un mod\u00e8le de s\u00e9rie que nous d\u00e9couvrirons en 2025. Il s&rsquo;agit d&rsquo;un crossover de petite taille \u00e9lectrique et vendu \u00e0 prix raisonnable. <a href=\"https:\/\/www.automobile-magazine.fr\/voitures-electriques\/article\/42263-skoda-epiq-25-000-eur-400-km-dautonomie-et-un-gabarit-de-kamiq\" target='bwindow' rel=\"noopener\">Lire la suite&#8230;<\/a><\/p>\n","protected":false},"excerpt":{"rendered":"<div class=\"media_block\"><img decoding=\"async\" src=\"https:\/\/www.evearly.news\/fr\/wp-content\/uploads\/sites\/6\/2024\/03\/skoda-epiq-25-000-e-400-km-dautonomie-un-grand-coffre-et-un-gabarit-de-kamiq.jpg\"><\/div>\n<p> <a class=\"continue-reading-link\" href=\"https:\/\/www.evearly.news\/fr\/skoda-epiq-25-000-e-400-km-dautonomie-un-grand-coffre-et-un-gabarit-de-kamiq\/\"><\/a><\/p>\n","protected":false},"author":7,"featured_media":276792,"comment_status":"closed","ping_status":"open","sticky":false,"template":"Default","format":"standard","meta":{"footnotes":""},"categories":[7],"tags":[],"class_list":["post-276791","post","type-post","status-publish","format-standard","has-post-thumbnail","hentry","category-automobile-magazine"],"_links":{"self":[{"href":"https:\/\/www.evearly.news\/fr\/wp-json\/wp\/v2\/posts\/276791","targetHints":{"allow":["GET"]}}],"collection":[{"href":"https:\/\/www.evearly.news\/fr\/wp-json\/wp\/v2\/posts"}],"about":[{"href":"https:\/\/www.evearly.news\/fr\/wp-json\/wp\/v2\/types\/post"}],"author":[{"embeddable":true,"href":"https:\/\/www.evearly.news\/fr\/wp-json\/wp\/v2\/users\/7"}],"replies":[{"embeddable":true,"href":"https:\/\/www.evearly.news\/fr\/wp-json\/wp\/v2\/comments?post=276791"}],"version-history":[{"count":0,"href":"https:\/\/www.evearly.news\/fr\/wp-json\/wp\/v2\/posts\/276791\/revisions"}],"wp:featuredmedia":[{"embeddable":true,"href":"https:\/\/www.evearly.news\/fr\/wp-json\/wp\/v2\/media\/276792"}],"wp:attachment":[{"href":"https:\/\/www.evearly.news\/fr\/wp-json\/wp\/v2\/media?parent=276791"}],"wp:term":[{"taxonomy":"category","embeddable":true,"href":"https:\/\/www.evearly.news\/fr\/wp-json\/wp\/v2\/categories?post=276791"},{"taxonomy":"post_tag","embeddable":true,"href":"https:\/\/www.evearly.news\/fr\/wp-json\/wp\/v2\/tags?post=276791"}],"curies":[{"name":"wp","href":"https:\/\/api.w.org\/{rel}","templated":true}]}}