{"id":276793,"date":"2024-03-15T11:58:20","date_gmt":"2024-03-15T10:58:20","guid":{"rendered":"https:\/\/www.evearly.news\/fr\/au-bord-de-la-faillite-cette-marque-de-voitures-electriques-vendue-en-france-veut-rassurer\/"},"modified":"2024-03-15T11:58:20","modified_gmt":"2024-03-15T10:58:20","slug":"au-bord-de-la-faillite-cette-marque-de-voitures-electriques-vendue-en-france-veut-rassurer","status":"publish","type":"post","link":"https:\/\/www.evearly.news\/fr\/au-bord-de-la-faillite-cette-marque-de-voitures-electriques-vendue-en-france-veut-rassurer\/","title":{"rendered":"Au bord de la faillite, cette marque de voitures \u00e9lectriques vendue en France veut rassurer"},"content":{"rendered":"<p><img width=\"1200\" height=\"800\" src=\"https:\/\/www.evearly.news\/fr\/wp-content\/uploads\/sites\/6\/2024\/03\/au-bord-de-la-faillite-cette-marque-de-voitures-electriques-vendue-en-france-veut-rassurer.jpg\" class=\"attachment-large size-large wp-post-image\" alt=\"\" decoding=\"async\" loading=\"lazy\" \/<br \/>Apr\u00e8s des rumeurs concernant un imminent d\u00e9p\u00f4t de bilan, la marque am\u00e9ricaine de voitures \u00e9lectriques Fisker veut rassurer ses clients et investisseurs, pr\u00e9f\u00e9rant se concentrer sur le partenariat \u00e0 venir avec \u00ab\u00a0un grand constructeur\u00a0\u00bb. <a href=\"https:\/\/www.frandroid.com\/marques\/fisker\/1969982_au-bord-de-la-faillite-cette-marque-de-voitures-electriques-vendue-en-france-veut-rassurer\" target=\"blank\" rel=\"noopener\">Lire la suite&#8230;<\/a><\/p>\n","protected":false},"excerpt":{"rendered":"<p>&lt;img width=&quot;1200&quot; height=&quot;800&quot; src=&quot;https:\/\/www.evearly.news\/fr\/wp-content\/uploads\/sites\/6\/2024\/03\/au-bord-de-la-faillite-cette-marque-de-voitures-electriques-vendue-en-france-veut-rassurer.jpg&quot; class=&quot;attachment-large size-large wp-post-image&quot; alt=&quot;&quot; decoding=&quot;async&quot; loading=&quot;lazy&quot; \/<br \/>Apr\u00e8s des rumeurs concernant un imminent d\u00e9p\u00f4t de bilan, la marque am\u00e9ricaine de voitures \u00e9lectriques Fisker veut rassurer ses clients et investisseurs, pr\u00e9f\u00e9rant se concentrer sur le partenariat \u00e0 venir avec \u00ab\u00a0un grand constructeur\u00a0\u00bb.<\/p>\n<p> <a class=\"continue-reading-link\" href=\"https:\/\/www.evearly.news\/fr\/au-bord-de-la-faillite-cette-marque-de-voitures-electriques-vendue-en-france-veut-rassurer\/\"><\/a><\/p>\n","protected":false},"author":6,"featured_media":276794,"comment_status":"closed","ping_status":"open","sticky":false,"template":"Default","format":"standard","meta":{"footnotes":""},"categories":[14],"tags":[],"class_list":["post-276793","post","type-post","status-publish","format-standard","has-post-thumbnail","hentry","category-frandroid"],"_links":{"self":[{"href":"https:\/\/www.evearly.news\/fr\/wp-json\/wp\/v2\/posts\/276793","targetHints":{"allow":["GET"]}}],"collection":[{"href":"https:\/\/www.evearly.news\/fr\/wp-json\/wp\/v2\/posts"}],"about":[{"href":"https:\/\/www.evearly.news\/fr\/wp-json\/wp\/v2\/types\/post"}],"author":[{"embeddable":true,"href":"https:\/\/www.evearly.news\/fr\/wp-json\/wp\/v2\/users\/6"}],"replies":[{"embeddable":true,"href":"https:\/\/www.evearly.news\/fr\/wp-json\/wp\/v2\/comments?post=276793"}],"version-history":[{"count":0,"href":"https:\/\/www.evearly.news\/fr\/wp-json\/wp\/v2\/posts\/276793\/revisions"}],"wp:featuredmedia":[{"embeddable":true,"href":"https:\/\/www.evearly.news\/fr\/wp-json\/wp\/v2\/media\/276794"}],"wp:attachment":[{"href":"https:\/\/www.evearly.news\/fr\/wp-json\/wp\/v2\/media?parent=276793"}],"wp:term":[{"taxonomy":"category","embeddable":true,"href":"https:\/\/www.evearly.news\/fr\/wp-json\/wp\/v2\/categories?post=276793"},{"taxonomy":"post_tag","embeddable":true,"href":"https:\/\/www.evearly.news\/fr\/wp-json\/wp\/v2\/tags?post=276793"}],"curies":[{"name":"wp","href":"https:\/\/api.w.org\/{rel}","templated":true}]}}