{"id":276795,"date":"2024-03-15T11:58:38","date_gmt":"2024-03-15T10:58:38","guid":{"rendered":"https:\/\/www.evearly.news\/fr\/voici-a-partir-de-quand-vous-pourrez-reellement-acheter-la-tesla-a-25-000\/"},"modified":"2024-03-15T11:58:38","modified_gmt":"2024-03-15T10:58:38","slug":"voici-a-partir-de-quand-vous-pourrez-reellement-acheter-la-tesla-a-25-000","status":"publish","type":"post","link":"https:\/\/www.evearly.news\/fr\/voici-a-partir-de-quand-vous-pourrez-reellement-acheter-la-tesla-a-25-000\/","title":{"rendered":"Voici \u00e0 partir de quand vous pourrez (r\u00e9ellement) acheter la Tesla \u00e0 25 000 $"},"content":{"rendered":"<p><img width=\"1200\" height=\"673\" src=\"https:\/\/www.evearly.news\/fr\/wp-content\/uploads\/sites\/6\/2024\/03\/voici-a-partir-de-quand-vous-pourrez-reellement-acheter-la-tesla-a-25-000.jpg\" class=\"attachment-large size-large wp-post-image\" alt=\"\" decoding=\"async\" loading=\"lazy\" \/<br \/>Annonc\u00e9e pour 2025, la tr\u00e8s attendue Tesla Model 2 abordable pourrait en fait n\u00e9cessiter un peu plus de temps. La production devrait en effet monter en cadence \u00e0 partir de 2027 pour la compacte \u00e9lectrique \u00e0 moins de 25 000 euros promise par Elon Musk. Mais elle devrait bien \u00eatre disponible \u00e0 partir de 2025.<br \/>\n <a href=\"https:\/\/www.frandroid.com\/marques\/tesla\/1969662_voici-a-partir-de-quand-vous-pourrez-reellement-acheter-la-tesla-a-25-000\" target=\"blank\" rel=\"noopener\">Lire la suite&#8230;<\/a><\/p>\n","protected":false},"excerpt":{"rendered":"<p>&lt;img width=&quot;1200&quot; height=&quot;673&quot; src=&quot;https:\/\/www.evearly.news\/fr\/wp-content\/uploads\/sites\/6\/2024\/03\/voici-a-partir-de-quand-vous-pourrez-reellement-acheter-la-tesla-a-25-000.jpg&quot; class=&quot;attachment-large size-large wp-post-image&quot; alt=&quot;&quot; decoding=&quot;async&quot; loading=&quot;lazy&quot; \/<br \/>Annonc\u00e9e pour 2025, la tr\u00e8s attendue Tesla Model 2 abordable pourrait en fait n\u00e9cessiter un peu plus de temps. La production devrait en effet monter en cadence \u00e0 partir de 2027 pour la compacte \u00e9lectrique \u00e0 moins de 25 000 euros promise par Elon Musk. Mais elle devrait bien \u00eatre disponible \u00e0 partir de 2025.\n<\/p>\n<p> <a class=\"continue-reading-link\" href=\"https:\/\/www.evearly.news\/fr\/voici-a-partir-de-quand-vous-pourrez-reellement-acheter-la-tesla-a-25-000\/\"><\/a><\/p>\n","protected":false},"author":6,"featured_media":276796,"comment_status":"closed","ping_status":"open","sticky":false,"template":"Default","format":"standard","meta":{"footnotes":""},"categories":[14],"tags":[],"class_list":["post-276795","post","type-post","status-publish","format-standard","has-post-thumbnail","hentry","category-frandroid"],"_links":{"self":[{"href":"https:\/\/www.evearly.news\/fr\/wp-json\/wp\/v2\/posts\/276795","targetHints":{"allow":["GET"]}}],"collection":[{"href":"https:\/\/www.evearly.news\/fr\/wp-json\/wp\/v2\/posts"}],"about":[{"href":"https:\/\/www.evearly.news\/fr\/wp-json\/wp\/v2\/types\/post"}],"author":[{"embeddable":true,"href":"https:\/\/www.evearly.news\/fr\/wp-json\/wp\/v2\/users\/6"}],"replies":[{"embeddable":true,"href":"https:\/\/www.evearly.news\/fr\/wp-json\/wp\/v2\/comments?post=276795"}],"version-history":[{"count":0,"href":"https:\/\/www.evearly.news\/fr\/wp-json\/wp\/v2\/posts\/276795\/revisions"}],"wp:featuredmedia":[{"embeddable":true,"href":"https:\/\/www.evearly.news\/fr\/wp-json\/wp\/v2\/media\/276796"}],"wp:attachment":[{"href":"https:\/\/www.evearly.news\/fr\/wp-json\/wp\/v2\/media?parent=276795"}],"wp:term":[{"taxonomy":"category","embeddable":true,"href":"https:\/\/www.evearly.news\/fr\/wp-json\/wp\/v2\/categories?post=276795"},{"taxonomy":"post_tag","embeddable":true,"href":"https:\/\/www.evearly.news\/fr\/wp-json\/wp\/v2\/tags?post=276795"}],"curies":[{"name":"wp","href":"https:\/\/api.w.org\/{rel}","templated":true}]}}