{"id":276801,"date":"2024-03-15T12:56:35","date_gmt":"2024-03-15T11:56:35","guid":{"rendered":"https:\/\/www.evearly.news\/fr\/bonne-nouvelle-pour-le-tesla-semi-electrique-qui-pourrait-arriver-en-europe-et-revolutionner-le-marche\/"},"modified":"2024-03-15T12:56:35","modified_gmt":"2024-03-15T11:56:35","slug":"bonne-nouvelle-pour-le-tesla-semi-electrique-qui-pourrait-arriver-en-europe-et-revolutionner-le-marche","status":"publish","type":"post","link":"https:\/\/www.evearly.news\/fr\/bonne-nouvelle-pour-le-tesla-semi-electrique-qui-pourrait-arriver-en-europe-et-revolutionner-le-marche\/","title":{"rendered":"Bonne nouvelle pour le Tesla Semi \u00e9lectrique qui pourrait arriver en Europe et r\u00e9volutionner le march\u00e9"},"content":{"rendered":"<p><img width=\"1200\" height=\"800\" src=\"https:\/\/www.evearly.news\/fr\/wp-content\/uploads\/sites\/6\/2024\/03\/bonne-nouvelle-pour-le-tesla-semi-electrique-qui-pourrait-arriver-en-europe-et-revolutionner-le-marche.jpg\" class=\"attachment-large size-large wp-post-image\" alt=\"\" decoding=\"async\" loading=\"lazy\" \/<br \/>D\u00e9j\u00e0 commercialis\u00e9 aux \u00c9tats-Unis, le camion \u00e9lectrique r\u00e9volutionnaire Tesla Semi va officiellement arriver en Europe. Mieux encore, il sera produit au sein de la Gigafactory de Berlin, aux c\u00f4t\u00e9s de la Tesla Model Y. De quoi rendre le transport de marchandises encore plus propre en Europe. <a href=\"https:\/\/www.frandroid.com\/marques\/tesla\/1969698_bonne-nouvelle-pour-le-tesla-semi-electrique-qui-pourrait-arriver-en-europe-pour-revolutionner-le-marche\" target=\"blank\" rel=\"noopener\">Lire la suite&#8230;<\/a><\/p>\n","protected":false},"excerpt":{"rendered":"<p>&lt;img width=&quot;1200&quot; height=&quot;800&quot; src=&quot;https:\/\/www.evearly.news\/fr\/wp-content\/uploads\/sites\/6\/2024\/03\/bonne-nouvelle-pour-le-tesla-semi-electrique-qui-pourrait-arriver-en-europe-et-revolutionner-le-marche.jpg&quot; class=&quot;attachment-large size-large wp-post-image&quot; alt=&quot;&quot; decoding=&quot;async&quot; loading=&quot;lazy&quot; \/<br \/>D\u00e9j\u00e0 commercialis\u00e9 aux \u00c9tats-Unis, le camion \u00e9lectrique r\u00e9volutionnaire Tesla Semi va officiellement arriver en Europe. Mieux encore, il sera produit au sein de la Gigafactory de Berlin, aux c\u00f4t\u00e9s de la Tesla Model Y. De quoi rendre le transport de marchandises encore plus propre en Europe.<\/p>\n<p> <a class=\"continue-reading-link\" href=\"https:\/\/www.evearly.news\/fr\/bonne-nouvelle-pour-le-tesla-semi-electrique-qui-pourrait-arriver-en-europe-et-revolutionner-le-marche\/\"><\/a><\/p>\n","protected":false},"author":6,"featured_media":276802,"comment_status":"closed","ping_status":"open","sticky":false,"template":"Default","format":"standard","meta":{"footnotes":""},"categories":[14],"tags":[],"class_list":["post-276801","post","type-post","status-publish","format-standard","has-post-thumbnail","hentry","category-frandroid"],"_links":{"self":[{"href":"https:\/\/www.evearly.news\/fr\/wp-json\/wp\/v2\/posts\/276801","targetHints":{"allow":["GET"]}}],"collection":[{"href":"https:\/\/www.evearly.news\/fr\/wp-json\/wp\/v2\/posts"}],"about":[{"href":"https:\/\/www.evearly.news\/fr\/wp-json\/wp\/v2\/types\/post"}],"author":[{"embeddable":true,"href":"https:\/\/www.evearly.news\/fr\/wp-json\/wp\/v2\/users\/6"}],"replies":[{"embeddable":true,"href":"https:\/\/www.evearly.news\/fr\/wp-json\/wp\/v2\/comments?post=276801"}],"version-history":[{"count":0,"href":"https:\/\/www.evearly.news\/fr\/wp-json\/wp\/v2\/posts\/276801\/revisions"}],"wp:featuredmedia":[{"embeddable":true,"href":"https:\/\/www.evearly.news\/fr\/wp-json\/wp\/v2\/media\/276802"}],"wp:attachment":[{"href":"https:\/\/www.evearly.news\/fr\/wp-json\/wp\/v2\/media?parent=276801"}],"wp:term":[{"taxonomy":"category","embeddable":true,"href":"https:\/\/www.evearly.news\/fr\/wp-json\/wp\/v2\/categories?post=276801"},{"taxonomy":"post_tag","embeddable":true,"href":"https:\/\/www.evearly.news\/fr\/wp-json\/wp\/v2\/tags?post=276801"}],"curies":[{"name":"wp","href":"https:\/\/api.w.org\/{rel}","templated":true}]}}