{"id":276912,"date":"2024-03-18T08:57:50","date_gmt":"2024-03-18T07:57:50","guid":{"rendered":"https:\/\/www.evearly.news\/fr\/mauvaise-nouvelle-tesla-augmente-les-prix-de-son-model-y\/"},"modified":"2024-03-18T08:57:50","modified_gmt":"2024-03-18T07:57:50","slug":"mauvaise-nouvelle-tesla-augmente-les-prix-de-son-model-y","status":"publish","type":"post","link":"https:\/\/www.evearly.news\/fr\/mauvaise-nouvelle-tesla-augmente-les-prix-de-son-model-y\/","title":{"rendered":"Mauvaise nouvelle, Tesla augmente les prix de son Model Y"},"content":{"rendered":"<p><img loading=\"lazy\" width=\"1500\" height=\"1000\" src=\"https:\/\/www.evearly.news\/fr\/wp-content\/uploads\/sites\/6\/2024\/03\/mauvaise-nouvelle-tesla-augmente-les-prix-de-son-model-y.jpg\" class=\"attachment-full size-full wp-post-image\" alt=\"Model Y\" decoding=\"async\" srcset=\"https:\/\/www.evearly.news\/fr\/wp-content\/uploads\/sites\/6\/2024\/03\/mauvaise-nouvelle-tesla-augmente-les-prix-de-son-model-y.jpg 1500w, https:\/\/www.evearly.news\/fr\/wp-content\/uploads\/sites\/6\/2024\/03\/mauvaise-nouvelle-tesla-augmente-les-prix-de-son-model-y-1.jpg 504w, https:\/\/www.evearly.news\/fr\/wp-content\/uploads\/sites\/6\/2024\/03\/mauvaise-nouvelle-tesla-augmente-les-prix-de-son-model-y-2.jpg 1024w, https:\/\/www.evearly.news\/fr\/wp-content\/uploads\/sites\/6\/2024\/03\/mauvaise-nouvelle-tesla-augmente-les-prix-de-son-model-y-3.jpg 50w, https:\/\/www.evearly.news\/fr\/wp-content\/uploads\/sites\/6\/2024\/03\/mauvaise-nouvelle-tesla-augmente-les-prix-de-son-model-y-4.jpg 336w, https:\/\/www.evearly.news\/fr\/wp-content\/uploads\/sites\/6\/2024\/03\/mauvaise-nouvelle-tesla-augmente-les-prix-de-son-model-y-5.jpg 1400w, https:\/\/www.evearly.news\/fr\/wp-content\/uploads\/sites\/6\/2024\/03\/mauvaise-nouvelle-tesla-augmente-les-prix-de-son-model-y-6.jpg 680w, https:\/\/www.presse-citron.net\/app\/uploads\/2024\/02\/Model-Y-896x597.jpg 896w\" sizes=\"auto, (max-width: 1500px) 100vw, 1500px\"><\/p>\n<p>Le constructeur se pr\u00e9pare \u00e0 op\u00e9rer cette \u00e9volution tarifaire d\u00e8s ce vendredi 22 mars.<a href=\"https:\/\/www.presse-citron.net\/mauvaise-nouvelle-tesla-augmente-les-prix-de-son-model-y\/\" target='bwindow' rel=\"noopener\"> Lire la suite&#8230;<\/a><\/p>\n","protected":false},"excerpt":{"rendered":"<p>Le constructeur se pr\u00e9pare \u00e0 op\u00e9rer cette \u00e9volution tarifaire d\u00e8s ce vendredi 22 mars&#8230;. <a class=\"continue-reading-link\" href=\"https:\/\/www.evearly.news\/fr\/mauvaise-nouvelle-tesla-augmente-les-prix-de-son-model-y\/\"><\/a><\/p>\n","protected":false},"author":18,"featured_media":276913,"comment_status":"closed","ping_status":"open","sticky":false,"template":"Default","format":"standard","meta":{"footnotes":""},"categories":[19],"tags":[],"class_list":["post-276912","post","type-post","status-publish","format-standard","has-post-thumbnail","hentry","category-presse-citron"],"_links":{"self":[{"href":"https:\/\/www.evearly.news\/fr\/wp-json\/wp\/v2\/posts\/276912","targetHints":{"allow":["GET"]}}],"collection":[{"href":"https:\/\/www.evearly.news\/fr\/wp-json\/wp\/v2\/posts"}],"about":[{"href":"https:\/\/www.evearly.news\/fr\/wp-json\/wp\/v2\/types\/post"}],"author":[{"embeddable":true,"href":"https:\/\/www.evearly.news\/fr\/wp-json\/wp\/v2\/users\/18"}],"replies":[{"embeddable":true,"href":"https:\/\/www.evearly.news\/fr\/wp-json\/wp\/v2\/comments?post=276912"}],"version-history":[{"count":0,"href":"https:\/\/www.evearly.news\/fr\/wp-json\/wp\/v2\/posts\/276912\/revisions"}],"wp:featuredmedia":[{"embeddable":true,"href":"https:\/\/www.evearly.news\/fr\/wp-json\/wp\/v2\/media\/276913"}],"wp:attachment":[{"href":"https:\/\/www.evearly.news\/fr\/wp-json\/wp\/v2\/media?parent=276912"}],"wp:term":[{"taxonomy":"category","embeddable":true,"href":"https:\/\/www.evearly.news\/fr\/wp-json\/wp\/v2\/categories?post=276912"},{"taxonomy":"post_tag","embeddable":true,"href":"https:\/\/www.evearly.news\/fr\/wp-json\/wp\/v2\/tags?post=276912"}],"curies":[{"name":"wp","href":"https:\/\/api.w.org\/{rel}","templated":true}]}}