{"id":276970,"date":"2024-03-18T16:55:26","date_gmt":"2024-03-18T15:55:26","guid":{"rendered":"https:\/\/www.evearly.news\/fr\/tesla-model-y-le-prix-va-grimper-en-europe-des-ce-vendredi\/"},"modified":"2024-03-18T16:55:26","modified_gmt":"2024-03-18T15:55:26","slug":"tesla-model-y-le-prix-va-grimper-en-europe-des-ce-vendredi","status":"publish","type":"post","link":"https:\/\/www.evearly.news\/fr\/tesla-model-y-le-prix-va-grimper-en-europe-des-ce-vendredi\/","title":{"rendered":"Tesla Model Y : le prix va grimper en Europe d\u00e8s ce vendredi"},"content":{"rendered":"<p><img decoding=\"async\" src=\"https:\/\/www.evearly.news\/fr\/wp-content\/uploads\/sites\/6\/2024\/03\/tesla-model-y-le-prix-va-grimper-en-europe-des-ce-vendredi.jpg\"><br \/>Tesla vient de confirmer dans une publication X une augmentation imminente du prix du Model Y en Europe. Ce nouveau tarif entrera en vigueur d\u00e8s ce 22 mars 2024. Alors que Tesla nous avait plut\u00f4t habitu\u00e9 aux baisses de prix&#8230; <a href=\"https:\/\/www.phonandroid.com\/tesla-model-y-le-prix-va-grimper-en-europe-des-ce-vendredi.html\" target=\"blank\" rel=\"noopener\">Lire la suite&#8230;<\/a><\/p>\n","protected":false},"excerpt":{"rendered":"<p>Tesla vient de confirmer dans une publication X une augmentation imminente du prix du Model Y en Europe. Ce nouveau tarif entrera en vigueur d\u00e8s ce 22 mars 2024. Alors que Tesla nous avait plut\u00f4t habitu\u00e9 aux baisses de prix&#8230;&#8230; <a class=\"continue-reading-link\" href=\"https:\/\/www.evearly.news\/fr\/tesla-model-y-le-prix-va-grimper-en-europe-des-ce-vendredi\/\"><\/a><\/p>\n","protected":false},"author":17,"featured_media":276971,"comment_status":"closed","ping_status":"open","sticky":false,"template":"Default","format":"standard","meta":{"footnotes":""},"categories":[18],"tags":[],"class_list":["post-276970","post","type-post","status-publish","format-standard","has-post-thumbnail","hentry","category-phonandroid"],"_links":{"self":[{"href":"https:\/\/www.evearly.news\/fr\/wp-json\/wp\/v2\/posts\/276970","targetHints":{"allow":["GET"]}}],"collection":[{"href":"https:\/\/www.evearly.news\/fr\/wp-json\/wp\/v2\/posts"}],"about":[{"href":"https:\/\/www.evearly.news\/fr\/wp-json\/wp\/v2\/types\/post"}],"author":[{"embeddable":true,"href":"https:\/\/www.evearly.news\/fr\/wp-json\/wp\/v2\/users\/17"}],"replies":[{"embeddable":true,"href":"https:\/\/www.evearly.news\/fr\/wp-json\/wp\/v2\/comments?post=276970"}],"version-history":[{"count":0,"href":"https:\/\/www.evearly.news\/fr\/wp-json\/wp\/v2\/posts\/276970\/revisions"}],"wp:featuredmedia":[{"embeddable":true,"href":"https:\/\/www.evearly.news\/fr\/wp-json\/wp\/v2\/media\/276971"}],"wp:attachment":[{"href":"https:\/\/www.evearly.news\/fr\/wp-json\/wp\/v2\/media?parent=276970"}],"wp:term":[{"taxonomy":"category","embeddable":true,"href":"https:\/\/www.evearly.news\/fr\/wp-json\/wp\/v2\/categories?post=276970"},{"taxonomy":"post_tag","embeddable":true,"href":"https:\/\/www.evearly.news\/fr\/wp-json\/wp\/v2\/tags?post=276970"}],"curies":[{"name":"wp","href":"https:\/\/api.w.org\/{rel}","templated":true}]}}