{"id":277053,"date":"2024-03-19T13:54:47","date_gmt":"2024-03-19T12:54:47","guid":{"rendered":"https:\/\/www.evearly.news\/fr\/enorme-fuite-pour-le-bmw-vision-neue-klasse-x-le-futur-suv-electrique-de-bmw\/"},"modified":"2024-03-19T13:54:47","modified_gmt":"2024-03-19T12:54:47","slug":"enorme-fuite-pour-le-bmw-vision-neue-klasse-x-le-futur-suv-electrique-de-bmw","status":"publish","type":"post","link":"https:\/\/www.evearly.news\/fr\/enorme-fuite-pour-le-bmw-vision-neue-klasse-x-le-futur-suv-electrique-de-bmw\/","title":{"rendered":"Enorme fuite pour le BMW Vision Neue Klasse X, le futur SUV \u00e9lectrique de BMW"},"content":{"rendered":"<div class=\"media_block\"><img decoding=\"async\" src=\"https:\/\/www.evearly.news\/fr\/wp-content\/uploads\/sites\/6\/2024\/03\/enorme-fuite-pour-le-bmw-vision-neue-klasse-x-le-futur-suv-electrique-de-bmw.jpg\"><\/div>\n<p>La toute premi\u00e8re photo du concept BMW Vision Neue Klasse X a fuit\u00e9 sur la toile. Elle porte en elle l&rsquo;esp\u00e9rance d&rsquo;un retour \u00e0 un style plus sobre. Ce dont t\u00e9moignera d\u00e8s 2025 la seconde mouture du BMW iX3. <a href=\"https:\/\/www.automobile-magazine.fr\/scoops\/article\/42300-enorme-fuite-pour-le-bmw-vision-neue-klasse-x-le-futur-suv-electrique-de-bmw\" target='bwindow' rel=\"noopener\">Lire la suite&#8230;<\/a><\/p>\n","protected":false},"excerpt":{"rendered":"<div class=\"media_block\"><img decoding=\"async\" src=\"https:\/\/www.evearly.news\/fr\/wp-content\/uploads\/sites\/6\/2024\/03\/enorme-fuite-pour-le-bmw-vision-neue-klasse-x-le-futur-suv-electrique-de-bmw.jpg\"><\/div>\n<p> <a class=\"continue-reading-link\" href=\"https:\/\/www.evearly.news\/fr\/enorme-fuite-pour-le-bmw-vision-neue-klasse-x-le-futur-suv-electrique-de-bmw\/\"><\/a><\/p>\n","protected":false},"author":7,"featured_media":277054,"comment_status":"closed","ping_status":"open","sticky":false,"template":"Default","format":"standard","meta":{"footnotes":""},"categories":[7],"tags":[],"class_list":["post-277053","post","type-post","status-publish","format-standard","has-post-thumbnail","hentry","category-automobile-magazine"],"_links":{"self":[{"href":"https:\/\/www.evearly.news\/fr\/wp-json\/wp\/v2\/posts\/277053","targetHints":{"allow":["GET"]}}],"collection":[{"href":"https:\/\/www.evearly.news\/fr\/wp-json\/wp\/v2\/posts"}],"about":[{"href":"https:\/\/www.evearly.news\/fr\/wp-json\/wp\/v2\/types\/post"}],"author":[{"embeddable":true,"href":"https:\/\/www.evearly.news\/fr\/wp-json\/wp\/v2\/users\/7"}],"replies":[{"embeddable":true,"href":"https:\/\/www.evearly.news\/fr\/wp-json\/wp\/v2\/comments?post=277053"}],"version-history":[{"count":0,"href":"https:\/\/www.evearly.news\/fr\/wp-json\/wp\/v2\/posts\/277053\/revisions"}],"wp:featuredmedia":[{"embeddable":true,"href":"https:\/\/www.evearly.news\/fr\/wp-json\/wp\/v2\/media\/277054"}],"wp:attachment":[{"href":"https:\/\/www.evearly.news\/fr\/wp-json\/wp\/v2\/media?parent=277053"}],"wp:term":[{"taxonomy":"category","embeddable":true,"href":"https:\/\/www.evearly.news\/fr\/wp-json\/wp\/v2\/categories?post=277053"},{"taxonomy":"post_tag","embeddable":true,"href":"https:\/\/www.evearly.news\/fr\/wp-json\/wp\/v2\/tags?post=277053"}],"curies":[{"name":"wp","href":"https:\/\/api.w.org\/{rel}","templated":true}]}}