{"id":277059,"date":"2024-03-19T15:26:06","date_gmt":"2024-03-19T14:26:06","guid":{"rendered":"https:\/\/www.evearly.news\/fr\/la-gronde-contre-les-voitures-electriques-monte-chez-les-assureurs\/"},"modified":"2024-03-19T15:26:06","modified_gmt":"2024-03-19T14:26:06","slug":"la-gronde-contre-les-voitures-electriques-monte-chez-les-assureurs","status":"publish","type":"post","link":"https:\/\/www.evearly.news\/fr\/la-gronde-contre-les-voitures-electriques-monte-chez-les-assureurs\/","title":{"rendered":"La gronde contre les voitures \u00e9lectriques monte chez les assureurs"},"content":{"rendered":"<p><img width=\"1024\" height=\"576\" src=\"https:\/\/www.evearly.news\/fr\/wp-content\/uploads\/sites\/6\/2024\/03\/la-gronde-contre-les-voitures-electriques-monte-chez-les-assureurs.jpg\" class=\"attachment-large size-large wp-post-image\" alt=\"\" decoding=\"async\" loading=\"lazy\" \/><br \/>Le m\u00e9contentement des assureurs se fait de plus en plus entendre. Certains menacent de faire flamber les polices d&rsquo;assurance des voitures \u00e9lectriques ou de ne plus assurer certains mod\u00e8les. Les constructeurs sont appel\u00e9s \u00e0 faire des efforts de leur c\u00f4t\u00e9. <a href=\"https:\/\/www.numerama.com\/vroom\/1655074-la-gronde-contre-les-voitures-electriques-monte-chez-les-assureurs.html\" target='bwindow' rel=\"noopener\">Lire la suite&#8230;<\/a><\/p>\n","protected":false},"excerpt":{"rendered":"<p>&#8230; <a class=\"continue-reading-link\" href=\"https:\/\/www.evearly.news\/fr\/la-gronde-contre-les-voitures-electriques-monte-chez-les-assureurs\/\"><\/a><\/p>\n","protected":false},"author":16,"featured_media":277060,"comment_status":"closed","ping_status":"open","sticky":false,"template":"Default","format":"standard","meta":{"footnotes":""},"categories":[17],"tags":[],"class_list":["post-277059","post","type-post","status-publish","format-standard","has-post-thumbnail","hentry","category-numerama"],"_links":{"self":[{"href":"https:\/\/www.evearly.news\/fr\/wp-json\/wp\/v2\/posts\/277059","targetHints":{"allow":["GET"]}}],"collection":[{"href":"https:\/\/www.evearly.news\/fr\/wp-json\/wp\/v2\/posts"}],"about":[{"href":"https:\/\/www.evearly.news\/fr\/wp-json\/wp\/v2\/types\/post"}],"author":[{"embeddable":true,"href":"https:\/\/www.evearly.news\/fr\/wp-json\/wp\/v2\/users\/16"}],"replies":[{"embeddable":true,"href":"https:\/\/www.evearly.news\/fr\/wp-json\/wp\/v2\/comments?post=277059"}],"version-history":[{"count":0,"href":"https:\/\/www.evearly.news\/fr\/wp-json\/wp\/v2\/posts\/277059\/revisions"}],"wp:featuredmedia":[{"embeddable":true,"href":"https:\/\/www.evearly.news\/fr\/wp-json\/wp\/v2\/media\/277060"}],"wp:attachment":[{"href":"https:\/\/www.evearly.news\/fr\/wp-json\/wp\/v2\/media?parent=277059"}],"wp:term":[{"taxonomy":"category","embeddable":true,"href":"https:\/\/www.evearly.news\/fr\/wp-json\/wp\/v2\/categories?post=277059"},{"taxonomy":"post_tag","embeddable":true,"href":"https:\/\/www.evearly.news\/fr\/wp-json\/wp\/v2\/tags?post=277059"}],"curies":[{"name":"wp","href":"https:\/\/api.w.org\/{rel}","templated":true}]}}