{"id":277061,"date":"2024-03-19T16:52:21","date_gmt":"2024-03-19T15:52:21","guid":{"rendered":"https:\/\/www.evearly.news\/fr\/en-france-les-vtt-electriques-ont-la-cote\/"},"modified":"2024-03-19T16:52:21","modified_gmt":"2024-03-19T15:52:21","slug":"en-france-les-vtt-electriques-ont-la-cote","status":"publish","type":"post","link":"https:\/\/www.evearly.news\/fr\/en-france-les-vtt-electriques-ont-la-cote\/","title":{"rendered":"En France, les VTT \u00e9lectriques ont la c\u00f4te !"},"content":{"rendered":"<p><img decoding=\"async\" src=\"https:\/\/www.evearly.news\/fr\/wp-content\/uploads\/sites\/6\/2024\/03\/en-france-les-vtt-electriques-ont-la-cote.webp\" alt=\"insideevs\"><br \/>En France, l&rsquo;engouement pour les v\u00e9los \u00e9lectriques s&rsquo;est intensifi\u00e9, marquant une r\u00e9volution dans les modes de d\u00e9placement urbains et p\u00e9riurbains. <a href=\"https:\/\/insideevs.fr\/news\/712988\/velo-vtt-electrique-france-cote\/\" target=\"_blank\" rel=\"noopener\">Lire la suite&#8230;<\/a><\/p>\n","protected":false},"excerpt":{"rendered":"<p><img decoding=\"async\" src=\"https:\/\/www.evearly.news\/fr\/wp-content\/uploads\/sites\/6\/2024\/03\/en-france-les-vtt-electriques-ont-la-cote.webp\" alt=\"insideevs\"><br \/>En France, l&rsquo;engouement pour les v\u00e9los \u00e9lectriques s&rsquo;est intensifi\u00e9, marquant une r\u00e9volution dans les modes de d\u00e9placement urbains et p\u00e9riurbains.<\/p>\n<p> <a class=\"continue-reading-link\" href=\"https:\/\/www.evearly.news\/fr\/en-france-les-vtt-electriques-ont-la-cote\/\"><\/a><\/p>\n","protected":false},"author":14,"featured_media":277062,"comment_status":"closed","ping_status":"open","sticky":false,"template":"Default","format":"standard","meta":{"footnotes":""},"categories":[15],"tags":[],"class_list":["post-277061","post","type-post","status-publish","format-standard","has-post-thumbnail","hentry","category-insideevs"],"_links":{"self":[{"href":"https:\/\/www.evearly.news\/fr\/wp-json\/wp\/v2\/posts\/277061","targetHints":{"allow":["GET"]}}],"collection":[{"href":"https:\/\/www.evearly.news\/fr\/wp-json\/wp\/v2\/posts"}],"about":[{"href":"https:\/\/www.evearly.news\/fr\/wp-json\/wp\/v2\/types\/post"}],"author":[{"embeddable":true,"href":"https:\/\/www.evearly.news\/fr\/wp-json\/wp\/v2\/users\/14"}],"replies":[{"embeddable":true,"href":"https:\/\/www.evearly.news\/fr\/wp-json\/wp\/v2\/comments?post=277061"}],"version-history":[{"count":0,"href":"https:\/\/www.evearly.news\/fr\/wp-json\/wp\/v2\/posts\/277061\/revisions"}],"wp:featuredmedia":[{"embeddable":true,"href":"https:\/\/www.evearly.news\/fr\/wp-json\/wp\/v2\/media\/277062"}],"wp:attachment":[{"href":"https:\/\/www.evearly.news\/fr\/wp-json\/wp\/v2\/media?parent=277061"}],"wp:term":[{"taxonomy":"category","embeddable":true,"href":"https:\/\/www.evearly.news\/fr\/wp-json\/wp\/v2\/categories?post=277061"},{"taxonomy":"post_tag","embeddable":true,"href":"https:\/\/www.evearly.news\/fr\/wp-json\/wp\/v2\/tags?post=277061"}],"curies":[{"name":"wp","href":"https:\/\/api.w.org\/{rel}","templated":true}]}}