{"id":277065,"date":"2024-03-19T17:51:19","date_gmt":"2024-03-19T16:51:19","guid":{"rendered":"https:\/\/www.evearly.news\/fr\/batteries-des-voitures-electriques-en-auvergne-un-projet-de-mine-de-lithium-fait-debat\/"},"modified":"2024-03-19T17:51:19","modified_gmt":"2024-03-19T16:51:19","slug":"batteries-des-voitures-electriques-en-auvergne-un-projet-de-mine-de-lithium-fait-debat","status":"publish","type":"post","link":"https:\/\/www.evearly.news\/fr\/batteries-des-voitures-electriques-en-auvergne-un-projet-de-mine-de-lithium-fait-debat\/","title":{"rendered":"Batteries des voitures \u00e9lectriques : en Auvergne, un projet de mine de lithium fait d\u00e9bat"},"content":{"rendered":"<p><img decoding=\"async\" width=\"500\" height=\"333\" src=\"https:\/\/www.evearly.news\/fr\/wp-content\/uploads\/sites\/6\/2024\/03\/batteries-des-voitures-electriques-en-auvergne-un-projet-de-mine-de-lithium-fait-debat.jpg\" class=\"attachment-1200x800 size-1200x800 wp-post-image\" alt=\"\" loading=\"lazy\" srcset=\"https:\/\/www.evearly.news\/fr\/wp-content\/uploads\/sites\/6\/2024\/03\/batteries-des-voitures-electriques-en-auvergne-un-projet-de-mine-de-lithium-fait-debat.jpg 1680w, https:\/\/www.evearly.news\/fr\/wp-content\/uploads\/sites\/6\/2024\/03\/batteries-des-voitures-electriques-en-auvergne-un-projet-de-mine-de-lithium-fait-debat-1.jpg 1640w, https:\/\/www.evearly.news\/fr\/wp-content\/uploads\/sites\/6\/2024\/03\/batteries-des-voitures-electriques-en-auvergne-un-projet-de-mine-de-lithium-fait-debat-2.jpg 1024w, https:\/\/www.evearly.news\/fr\/wp-content\/uploads\/sites\/6\/2024\/03\/batteries-des-voitures-electriques-en-auvergne-un-projet-de-mine-de-lithium-fait-debat-3.jpg 768w, https:\/\/www.evearly.news\/fr\/wp-content\/uploads\/sites\/6\/2024\/03\/batteries-des-voitures-electriques-en-auvergne-un-projet-de-mine-de-lithium-fait-debat-4.jpg 1536w, https:\/\/cdn.automobile-propre.com\/uploads\/2024\/03\/Echassieres-mine-Lithium-551x413.jpg 551w\" sizes=\"auto, (max-width: 1067px) 100vw, 1067px\" \/><br \/>\nLe groupe industriel Imerys souhaite ouvrir une mine de lithium en Auvergne, \u00e0 Echassi\u00e8res. Pour cela, il a organis\u00e9 un\u2026\u00a0<a href=\"https:\/\/www.automobile-propre.com\/batteries-des-voitures-electriques-en-auvergne-un-projet-de-mine-de-lithium-fait-debat\/\" target='bwindow' rel=\"noopener\">Lire la suite&#8230;<\/a><\/p>\n","protected":false},"excerpt":{"rendered":"<p>&#8230; <a class=\"continue-reading-link\" href=\"https:\/\/www.evearly.news\/fr\/batteries-des-voitures-electriques-en-auvergne-un-projet-de-mine-de-lithium-fait-debat\/\"><\/a><\/p>\n","protected":false},"author":8,"featured_media":277066,"comment_status":"closed","ping_status":"open","sticky":false,"template":"Default","format":"standard","meta":{"footnotes":""},"categories":[8],"tags":[],"class_list":["post-277065","post","type-post","status-publish","format-standard","has-post-thumbnail","hentry","category-automobile-propre"],"_links":{"self":[{"href":"https:\/\/www.evearly.news\/fr\/wp-json\/wp\/v2\/posts\/277065","targetHints":{"allow":["GET"]}}],"collection":[{"href":"https:\/\/www.evearly.news\/fr\/wp-json\/wp\/v2\/posts"}],"about":[{"href":"https:\/\/www.evearly.news\/fr\/wp-json\/wp\/v2\/types\/post"}],"author":[{"embeddable":true,"href":"https:\/\/www.evearly.news\/fr\/wp-json\/wp\/v2\/users\/8"}],"replies":[{"embeddable":true,"href":"https:\/\/www.evearly.news\/fr\/wp-json\/wp\/v2\/comments?post=277065"}],"version-history":[{"count":0,"href":"https:\/\/www.evearly.news\/fr\/wp-json\/wp\/v2\/posts\/277065\/revisions"}],"wp:featuredmedia":[{"embeddable":true,"href":"https:\/\/www.evearly.news\/fr\/wp-json\/wp\/v2\/media\/277066"}],"wp:attachment":[{"href":"https:\/\/www.evearly.news\/fr\/wp-json\/wp\/v2\/media?parent=277065"}],"wp:term":[{"taxonomy":"category","embeddable":true,"href":"https:\/\/www.evearly.news\/fr\/wp-json\/wp\/v2\/categories?post=277065"},{"taxonomy":"post_tag","embeddable":true,"href":"https:\/\/www.evearly.news\/fr\/wp-json\/wp\/v2\/tags?post=277065"}],"curies":[{"name":"wp","href":"https:\/\/api.w.org\/{rel}","templated":true}]}}