{"id":277069,"date":"2024-03-19T18:51:34","date_gmt":"2024-03-19T17:51:34","guid":{"rendered":"https:\/\/www.evearly.news\/fr\/12-800-e-de-reduction-pour-la-nouvelle-voiture-electrique-de-honda-mais-il-faudra-se-depecher\/"},"modified":"2024-03-19T18:51:34","modified_gmt":"2024-03-19T17:51:34","slug":"12-800-e-de-reduction-pour-la-nouvelle-voiture-electrique-de-honda-mais-il-faudra-se-depecher","status":"publish","type":"post","link":"https:\/\/www.evearly.news\/fr\/12-800-e-de-reduction-pour-la-nouvelle-voiture-electrique-de-honda-mais-il-faudra-se-depecher\/","title":{"rendered":"12 800 \u20ac de r\u00e9duction pour la nouvelle voiture \u00e9lectrique de Honda, mais il faudra se d\u00e9p\u00eacher"},"content":{"rendered":"<p><img loading=\"lazy\" width=\"1200\" height=\"785\" src=\"https:\/\/www.evearly.news\/fr\/wp-content\/uploads\/sites\/6\/2024\/03\/12-800-e-de-reduction-pour-la-nouvelle-voiture-electrique-de-honda-mais-il-faudra-se-depecher.jpg\" class=\"attachment-large size-large wp-post-image\" alt=\"\" decoding=\"async\" \/<br \/>Honda vient d&rsquo;annoncer une remise impressionnante, de 12 800 euros, pour sa nouvelle voiture \u00e9lectrique, la e:NY1. Les tarifs d\u00e9marrent d\u00e9sormais \u00e0 32 900 euros, au lieu de 45 700 euros il y a encore quelques heures. Mais il faudra se d\u00e9p\u00eacher, car la remise n&rsquo;est que temporaire. <a href=\"https:\/\/www.frandroid.com\/marques\/honda\/1973442_12-800-e-de-reduction-pour-la-nouvelle-voiture-electrique-de-honda-mais-il-faudra-se-depecher\" target=\"blank\" rel=\"noopener\">Lire la suite&#8230;<\/a><\/p>\n","protected":false},"excerpt":{"rendered":"<p>&lt;img width=&quot;1200&quot; height=&quot;785&quot; src=&quot;https:\/\/www.evearly.news\/fr\/wp-content\/uploads\/sites\/6\/2024\/03\/12-800-e-de-reduction-pour-la-nouvelle-voiture-electrique-de-honda-mais-il-faudra-se-depecher.jpg&quot; class=&quot;attachment-large size-large wp-post-image&quot; alt=&quot;&quot; decoding=&quot;async&quot; \/<br \/>Honda vient d&rsquo;annoncer une remise impressionnante, de 12 800 euros, pour sa nouvelle voiture \u00e9lectrique, la e:NY1. Les tarifs d\u00e9marrent d\u00e9sormais \u00e0 32 900 euros, au lieu de 45 700 euros il y a encore quelques heures. Mais il faudra se d\u00e9p\u00eacher, car la remise n&rsquo;est que temporaire.<\/p>\n<p> <a class=\"continue-reading-link\" href=\"https:\/\/www.evearly.news\/fr\/12-800-e-de-reduction-pour-la-nouvelle-voiture-electrique-de-honda-mais-il-faudra-se-depecher\/\"><\/a><\/p>\n","protected":false},"author":6,"featured_media":277070,"comment_status":"closed","ping_status":"open","sticky":false,"template":"Default","format":"standard","meta":{"footnotes":""},"categories":[14],"tags":[],"class_list":["post-277069","post","type-post","status-publish","format-standard","has-post-thumbnail","hentry","category-frandroid"],"_links":{"self":[{"href":"https:\/\/www.evearly.news\/fr\/wp-json\/wp\/v2\/posts\/277069","targetHints":{"allow":["GET"]}}],"collection":[{"href":"https:\/\/www.evearly.news\/fr\/wp-json\/wp\/v2\/posts"}],"about":[{"href":"https:\/\/www.evearly.news\/fr\/wp-json\/wp\/v2\/types\/post"}],"author":[{"embeddable":true,"href":"https:\/\/www.evearly.news\/fr\/wp-json\/wp\/v2\/users\/6"}],"replies":[{"embeddable":true,"href":"https:\/\/www.evearly.news\/fr\/wp-json\/wp\/v2\/comments?post=277069"}],"version-history":[{"count":0,"href":"https:\/\/www.evearly.news\/fr\/wp-json\/wp\/v2\/posts\/277069\/revisions"}],"wp:featuredmedia":[{"embeddable":true,"href":"https:\/\/www.evearly.news\/fr\/wp-json\/wp\/v2\/media\/277070"}],"wp:attachment":[{"href":"https:\/\/www.evearly.news\/fr\/wp-json\/wp\/v2\/media?parent=277069"}],"wp:term":[{"taxonomy":"category","embeddable":true,"href":"https:\/\/www.evearly.news\/fr\/wp-json\/wp\/v2\/categories?post=277069"},{"taxonomy":"post_tag","embeddable":true,"href":"https:\/\/www.evearly.news\/fr\/wp-json\/wp\/v2\/tags?post=277069"}],"curies":[{"name":"wp","href":"https:\/\/api.w.org\/{rel}","templated":true}]}}