{"id":277079,"date":"2024-03-19T19:28:04","date_gmt":"2024-03-19T18:28:04","guid":{"rendered":"https:\/\/www.evearly.news\/fr\/leurope-se-prepare-a-larrivee-du-tesla-semi-le-geant-electrique-delon-musk\/"},"modified":"2024-03-19T19:28:04","modified_gmt":"2024-03-19T18:28:04","slug":"leurope-se-prepare-a-larrivee-du-tesla-semi-le-geant-electrique-delon-musk","status":"publish","type":"post","link":"https:\/\/www.evearly.news\/fr\/leurope-se-prepare-a-larrivee-du-tesla-semi-le-geant-electrique-delon-musk\/","title":{"rendered":"L\u2019Europe se pr\u00e9pare \u00e0 l\u2019arriv\u00e9e du Tesla Semi, le g\u00e9ant \u00e9lectrique d\u2019Elon Musk"},"content":{"rendered":"<p><img loading=\"lazy\" width=\"1400\" height=\"932\" src=\"https:\/\/www.evearly.news\/fr\/wp-content\/uploads\/sites\/6\/2024\/03\/leurope-se-prepare-a-larrivee-du-tesla-semi-le-geant-electrique-delon-musk.jpg\" class=\"attachment-full size-full wp-post-image\" alt=\"Tesla Semi\" decoding=\"async\" srcset=\"https:\/\/www.evearly.news\/fr\/wp-content\/uploads\/sites\/6\/2024\/03\/leurope-se-prepare-a-larrivee-du-tesla-semi-le-geant-electrique-delon-musk.jpg 1400w, https:\/\/www.evearly.news\/fr\/wp-content\/uploads\/sites\/6\/2024\/03\/leurope-se-prepare-a-larrivee-du-tesla-semi-le-geant-electrique-delon-musk-1.jpg 505w, https:\/\/www.evearly.news\/fr\/wp-content\/uploads\/sites\/6\/2024\/03\/leurope-se-prepare-a-larrivee-du-tesla-semi-le-geant-electrique-delon-musk-2.jpg 1024w, https:\/\/www.presse-citron.net\/app\/uploads\/2020\/04\/tesla-semi-50x33.jpg 50w\" sizes=\"auto, (max-width: 1400px) 100vw, 1400px\"><\/p>\n<p>Un nouveau chapitre s&rsquo;ouvre pour le transport europ\u00e9en de marchandises. Doit-on s&rsquo;en r\u00e9jouir ou non ?<a href=\"https:\/\/www.presse-citron.net\/leurope-se-prepare-a-larrivee-du-tesla-semi-le-geant-electrique-delon-musk\/\" target='bwindow' rel=\"noopener\"> Lire la suite&#8230;<\/a><\/p>\n","protected":false},"excerpt":{"rendered":"<p>Un nouveau chapitre s&rsquo;ouvre pour le transport europ\u00e9en de marchandises. Doit-on s&rsquo;en r\u00e9jouir ou non ?&#8230; <a class=\"continue-reading-link\" href=\"https:\/\/www.evearly.news\/fr\/leurope-se-prepare-a-larrivee-du-tesla-semi-le-geant-electrique-delon-musk\/\"><\/a><\/p>\n","protected":false},"author":18,"featured_media":277080,"comment_status":"closed","ping_status":"open","sticky":false,"template":"Default","format":"standard","meta":{"footnotes":""},"categories":[19],"tags":[],"class_list":["post-277079","post","type-post","status-publish","format-standard","has-post-thumbnail","hentry","category-presse-citron"],"_links":{"self":[{"href":"https:\/\/www.evearly.news\/fr\/wp-json\/wp\/v2\/posts\/277079","targetHints":{"allow":["GET"]}}],"collection":[{"href":"https:\/\/www.evearly.news\/fr\/wp-json\/wp\/v2\/posts"}],"about":[{"href":"https:\/\/www.evearly.news\/fr\/wp-json\/wp\/v2\/types\/post"}],"author":[{"embeddable":true,"href":"https:\/\/www.evearly.news\/fr\/wp-json\/wp\/v2\/users\/18"}],"replies":[{"embeddable":true,"href":"https:\/\/www.evearly.news\/fr\/wp-json\/wp\/v2\/comments?post=277079"}],"version-history":[{"count":0,"href":"https:\/\/www.evearly.news\/fr\/wp-json\/wp\/v2\/posts\/277079\/revisions"}],"wp:featuredmedia":[{"embeddable":true,"href":"https:\/\/www.evearly.news\/fr\/wp-json\/wp\/v2\/media\/277080"}],"wp:attachment":[{"href":"https:\/\/www.evearly.news\/fr\/wp-json\/wp\/v2\/media?parent=277079"}],"wp:term":[{"taxonomy":"category","embeddable":true,"href":"https:\/\/www.evearly.news\/fr\/wp-json\/wp\/v2\/categories?post=277079"},{"taxonomy":"post_tag","embeddable":true,"href":"https:\/\/www.evearly.news\/fr\/wp-json\/wp\/v2\/tags?post=277079"}],"curies":[{"name":"wp","href":"https:\/\/api.w.org\/{rel}","templated":true}]}}