{"id":277323,"date":"2024-03-22T15:21:09","date_gmt":"2024-03-22T14:21:09","guid":{"rendered":"https:\/\/www.evearly.news\/fr\/cadillac-revient-pour-de-bon-en-france-avec-un-grand-suv-electrique-a-plus-de-80-000-e\/"},"modified":"2024-03-22T15:21:09","modified_gmt":"2024-03-22T14:21:09","slug":"cadillac-revient-pour-de-bon-en-france-avec-un-grand-suv-electrique-a-plus-de-80-000-e","status":"publish","type":"post","link":"https:\/\/www.evearly.news\/fr\/cadillac-revient-pour-de-bon-en-france-avec-un-grand-suv-electrique-a-plus-de-80-000-e\/","title":{"rendered":"Cadillac revient pour de bon en France avec un grand SUV \u00e9lectrique \u00e0 plus de 80 000 \u20ac"},"content":{"rendered":"<p><img decoding=\"async\" src=\"https:\/\/www.evearly.news\/fr\/wp-content\/uploads\/sites\/6\/2024\/03\/cadillac-revient-pour-de-bon-en-france-avec-un-grand-suv-electrique-a-plus-de-80-000-e.webp\" alt=\"auto-moto\"><br \/>Cadillac, marque am\u00e9ricaine mythique, n\u2019a jamais vraiment perc\u00e9 en Europe. Mais le constructeur esp\u00e8re un retour en gr\u00e2ce par l\u2019\u00e9lectrique, en lan\u00e7ant dans un premier temps son Lyriq, un grand SUV affich\u00e9 \u00e0 plus de 80 000 \u20ac chez nous. <a href=\"https:\/\/www.auto-moto.com\/cadillac\/actualites\/cadillac-revient-pour-de-bon-en-france-avec-un-grand-suv-electrique-a-plus-de-80-000-euros-31675\" target=\"blank\" rel=\"noopener\">Lire la suite&#8230;<\/a><\/p>\n","protected":false},"excerpt":{"rendered":"<p>Cadillac, marque am\u00e9ricaine mythique, n\u2019a jamais vraiment perc\u00e9 en Europe. Mais le constructeur esp\u00e8re un retour en gr\u00e2ce par l\u2019\u00e9lectrique, en lan\u00e7ant dans un premier temps son Lyriq, un grand SUV affich\u00e9 \u00e0 plus de 80 000 \u20ac chez nous&#8230;. <a class=\"continue-reading-link\" href=\"https:\/\/www.evearly.news\/fr\/cadillac-revient-pour-de-bon-en-france-avec-un-grand-suv-electrique-a-plus-de-80-000-e\/\"><\/a><\/p>\n","protected":false},"author":9,"featured_media":277324,"comment_status":"closed","ping_status":"open","sticky":false,"template":"Default","format":"standard","meta":{"footnotes":""},"categories":[10],"tags":[],"class_list":["post-277323","post","type-post","status-publish","format-standard","has-post-thumbnail","hentry","category-auto-moto-com"],"_links":{"self":[{"href":"https:\/\/www.evearly.news\/fr\/wp-json\/wp\/v2\/posts\/277323","targetHints":{"allow":["GET"]}}],"collection":[{"href":"https:\/\/www.evearly.news\/fr\/wp-json\/wp\/v2\/posts"}],"about":[{"href":"https:\/\/www.evearly.news\/fr\/wp-json\/wp\/v2\/types\/post"}],"author":[{"embeddable":true,"href":"https:\/\/www.evearly.news\/fr\/wp-json\/wp\/v2\/users\/9"}],"replies":[{"embeddable":true,"href":"https:\/\/www.evearly.news\/fr\/wp-json\/wp\/v2\/comments?post=277323"}],"version-history":[{"count":0,"href":"https:\/\/www.evearly.news\/fr\/wp-json\/wp\/v2\/posts\/277323\/revisions"}],"wp:featuredmedia":[{"embeddable":true,"href":"https:\/\/www.evearly.news\/fr\/wp-json\/wp\/v2\/media\/277324"}],"wp:attachment":[{"href":"https:\/\/www.evearly.news\/fr\/wp-json\/wp\/v2\/media?parent=277323"}],"wp:term":[{"taxonomy":"category","embeddable":true,"href":"https:\/\/www.evearly.news\/fr\/wp-json\/wp\/v2\/categories?post=277323"},{"taxonomy":"post_tag","embeddable":true,"href":"https:\/\/www.evearly.news\/fr\/wp-json\/wp\/v2\/tags?post=277323"}],"curies":[{"name":"wp","href":"https:\/\/api.w.org\/{rel}","templated":true}]}}