{"id":277687,"date":"2024-03-27T14:51:06","date_gmt":"2024-03-27T13:51:06","guid":{"rendered":"https:\/\/www.evearly.news\/fr\/tesla-aurait-reduit-sa-production-a-la-gigafactory-shanghai\/"},"modified":"2024-03-27T14:51:06","modified_gmt":"2024-03-27T13:51:06","slug":"tesla-aurait-reduit-sa-production-a-la-gigafactory-shanghai","status":"publish","type":"post","link":"https:\/\/www.evearly.news\/fr\/tesla-aurait-reduit-sa-production-a-la-gigafactory-shanghai\/","title":{"rendered":"Tesla aurait r\u00e9duit sa production \u00e0 la Gigafactory Shanghai"},"content":{"rendered":"<p><img loading=\"lazy\" decoding=\"async\" width=\"500\" height=\"333\" src=\"https:\/\/www.evearly.news\/fr\/wp-content\/uploads\/sites\/6\/2024\/03\/tesla-aurait-reduit-sa-production-a-la-gigafactory-shanghai.jpg\" class=\"attachment-1200x800 size-1200x800 wp-post-image\" alt=\"\" srcset=\"https:\/\/www.evearly.news\/fr\/wp-content\/uploads\/sites\/6\/2024\/03\/tesla-aurait-reduit-sa-production-a-la-gigafactory-shanghai.jpg 1600w, https:\/\/www.evearly.news\/fr\/wp-content\/uploads\/sites\/6\/2024\/03\/tesla-aurait-reduit-sa-production-a-la-gigafactory-shanghai-1.jpg 1024w, https:\/\/www.evearly.news\/fr\/wp-content\/uploads\/sites\/6\/2024\/03\/tesla-aurait-reduit-sa-production-a-la-gigafactory-shanghai-2.jpg 768w, https:\/\/www.evearly.news\/fr\/wp-content\/uploads\/sites\/6\/2024\/03\/tesla-aurait-reduit-sa-production-a-la-gigafactory-shanghai-3.jpg 1536w, https:\/\/cdn.automobile-propre.com\/uploads\/2023\/12\/Tesla-Gigafactory-Shanghai-524x413.jpg 524w\" sizes=\"auto, (max-width: 1016px) 100vw, 1016px\" \/><br \/>\nDes rumeurs font \u00e9tat d&rsquo;une production moins intense \u00e0 la Gigafactory de Shanghai. Tesla aurait ainsi arr\u00eat\u00e9 de fabriquer ses Model 3 et Model Y en Chine le week-end.\u00a0<a href=\"https:\/\/www.automobile-propre.com\/breves\/tesla-aurait-reduit-sa-production-a-la-gigafactory-shanghai\/\" target='bwindow' rel=\"noopener\">Lire la suite&#8230;<\/a><\/p>\n","protected":false},"excerpt":{"rendered":"<p>&#8230; <a class=\"continue-reading-link\" href=\"https:\/\/www.evearly.news\/fr\/tesla-aurait-reduit-sa-production-a-la-gigafactory-shanghai\/\"><\/a><\/p>\n","protected":false},"author":8,"featured_media":277688,"comment_status":"closed","ping_status":"open","sticky":false,"template":"Default","format":"standard","meta":{"footnotes":""},"categories":[8],"tags":[],"class_list":["post-277687","post","type-post","status-publish","format-standard","has-post-thumbnail","hentry","category-automobile-propre"],"_links":{"self":[{"href":"https:\/\/www.evearly.news\/fr\/wp-json\/wp\/v2\/posts\/277687","targetHints":{"allow":["GET"]}}],"collection":[{"href":"https:\/\/www.evearly.news\/fr\/wp-json\/wp\/v2\/posts"}],"about":[{"href":"https:\/\/www.evearly.news\/fr\/wp-json\/wp\/v2\/types\/post"}],"author":[{"embeddable":true,"href":"https:\/\/www.evearly.news\/fr\/wp-json\/wp\/v2\/users\/8"}],"replies":[{"embeddable":true,"href":"https:\/\/www.evearly.news\/fr\/wp-json\/wp\/v2\/comments?post=277687"}],"version-history":[{"count":0,"href":"https:\/\/www.evearly.news\/fr\/wp-json\/wp\/v2\/posts\/277687\/revisions"}],"wp:featuredmedia":[{"embeddable":true,"href":"https:\/\/www.evearly.news\/fr\/wp-json\/wp\/v2\/media\/277688"}],"wp:attachment":[{"href":"https:\/\/www.evearly.news\/fr\/wp-json\/wp\/v2\/media?parent=277687"}],"wp:term":[{"taxonomy":"category","embeddable":true,"href":"https:\/\/www.evearly.news\/fr\/wp-json\/wp\/v2\/categories?post=277687"},{"taxonomy":"post_tag","embeddable":true,"href":"https:\/\/www.evearly.news\/fr\/wp-json\/wp\/v2\/tags?post=277687"}],"curies":[{"name":"wp","href":"https:\/\/api.w.org\/{rel}","templated":true}]}}