{"id":278058,"date":"2024-04-02T19:27:40","date_gmt":"2024-04-02T17:27:40","guid":{"rendered":"https:\/\/www.evearly.news\/fr\/on-a-essaye-a-nouveau-le-fisker-ocean-electrique-ameliore-mais-toujours-pas-fini\/"},"modified":"2024-04-02T19:27:40","modified_gmt":"2024-04-02T17:27:40","slug":"on-a-essaye-a-nouveau-le-fisker-ocean-electrique-ameliore-mais-toujours-pas-fini","status":"publish","type":"post","link":"https:\/\/www.evearly.news\/fr\/on-a-essaye-a-nouveau-le-fisker-ocean-electrique-ameliore-mais-toujours-pas-fini\/","title":{"rendered":"On a essay\u00e9 (\u00e0 nouveau) le Fisker Ocean \u00e9lectrique : am\u00e9lior\u00e9, mais toujours pas fini"},"content":{"rendered":"<p><img width=\"1200\" height=\"900\" src=\"https:\/\/www.evearly.news\/fr\/wp-content\/uploads\/sites\/6\/2024\/04\/on-a-essaye-a-nouveau-le-fisker-ocean-electrique-ameliore-mais-toujours-pas-fini.jpg\" class=\"attachment-large size-large wp-post-image\" alt=\"\" decoding=\"async\" loading=\"lazy\" \/<br \/>Outre-Atlantique, la presse am\u00e9ricain n&rsquo;est pas forc\u00e9ment tendre avec le Fisker Ocean, un SUV 100 % \u00e9lectrique am\u00e9ricain justement, qui promet de concurrencer le Tesla Model Y avec des prix comp\u00e9titifs. Apr\u00e8s un premier essai qui nous avait laiss\u00e9 sur notre faim en raison de plusieurs bugs techniques, nous avons repris la voiture, avec une importante mise \u00e0 jour logicielle, pour v\u00e9rifier si ce mod\u00e8le est d\u00e9sormais dans les standards de ce que nous attendons d&rsquo;une voiture \u00e9lectrique haut de gamme. <a href=\"https:\/\/www.frandroid.com\/marques\/fisker\/1979484_on-a-essaye-a-nouveau-le-fisker-ocean-electrique-ameliore-mais-toujours-pas-fini\" target=\"blank\" rel=\"noopener\">Lire la suite&#8230;<\/a><\/p>\n","protected":false},"excerpt":{"rendered":"<p>&lt;img width=&quot;1200&quot; height=&quot;900&quot; src=&quot;https:\/\/www.evearly.news\/fr\/wp-content\/uploads\/sites\/6\/2024\/04\/on-a-essaye-a-nouveau-le-fisker-ocean-electrique-ameliore-mais-toujours-pas-fini.jpg&quot; class=&quot;attachment-large size-large wp-post-image&quot; alt=&quot;&quot; decoding=&quot;async&quot; loading=&quot;lazy&quot; \/<br \/>Outre-Atlantique, la presse am\u00e9ricain n&rsquo;est pas forc\u00e9ment tendre avec le Fisker Ocean, un SUV 100 % \u00e9lectrique am\u00e9ricain justement, qui promet de concurrencer le Tesla Model Y avec des prix comp\u00e9titifs. Apr\u00e8s un premier essai qui nous avait laiss\u00e9 sur notre faim en raison de plusieurs bugs techniques, nous avons repris la voiture, avec une importante mise \u00e0 jour logicielle, pour v\u00e9rifier si ce mod\u00e8le est d\u00e9sormais dans les standards de ce que nous attendons d&rsquo;une voiture \u00e9lectrique haut de gamme.<\/p>\n<p> <a class=\"continue-reading-link\" href=\"https:\/\/www.evearly.news\/fr\/on-a-essaye-a-nouveau-le-fisker-ocean-electrique-ameliore-mais-toujours-pas-fini\/\"><\/a><\/p>\n","protected":false},"author":6,"featured_media":278059,"comment_status":"closed","ping_status":"open","sticky":false,"template":"Default","format":"standard","meta":{"footnotes":""},"categories":[14],"tags":[],"class_list":["post-278058","post","type-post","status-publish","format-standard","has-post-thumbnail","hentry","category-frandroid"],"_links":{"self":[{"href":"https:\/\/www.evearly.news\/fr\/wp-json\/wp\/v2\/posts\/278058","targetHints":{"allow":["GET"]}}],"collection":[{"href":"https:\/\/www.evearly.news\/fr\/wp-json\/wp\/v2\/posts"}],"about":[{"href":"https:\/\/www.evearly.news\/fr\/wp-json\/wp\/v2\/types\/post"}],"author":[{"embeddable":true,"href":"https:\/\/www.evearly.news\/fr\/wp-json\/wp\/v2\/users\/6"}],"replies":[{"embeddable":true,"href":"https:\/\/www.evearly.news\/fr\/wp-json\/wp\/v2\/comments?post=278058"}],"version-history":[{"count":0,"href":"https:\/\/www.evearly.news\/fr\/wp-json\/wp\/v2\/posts\/278058\/revisions"}],"wp:featuredmedia":[{"embeddable":true,"href":"https:\/\/www.evearly.news\/fr\/wp-json\/wp\/v2\/media\/278059"}],"wp:attachment":[{"href":"https:\/\/www.evearly.news\/fr\/wp-json\/wp\/v2\/media?parent=278058"}],"wp:term":[{"taxonomy":"category","embeddable":true,"href":"https:\/\/www.evearly.news\/fr\/wp-json\/wp\/v2\/categories?post=278058"},{"taxonomy":"post_tag","embeddable":true,"href":"https:\/\/www.evearly.news\/fr\/wp-json\/wp\/v2\/tags?post=278058"}],"curies":[{"name":"wp","href":"https:\/\/api.w.org\/{rel}","templated":true}]}}