{"id":278087,"date":"2024-04-03T11:55:25","date_gmt":"2024-04-03T09:55:25","guid":{"rendered":"https:\/\/www.evearly.news\/fr\/les-ventes-mondiales-de-voitures-rechargeables-de-byd-ont-depasse-les-300-000-en-mars-2024\/"},"modified":"2024-04-03T11:55:25","modified_gmt":"2024-04-03T09:55:25","slug":"les-ventes-mondiales-de-voitures-rechargeables-de-byd-ont-depasse-les-300-000-en-mars-2024","status":"publish","type":"post","link":"https:\/\/www.evearly.news\/fr\/les-ventes-mondiales-de-voitures-rechargeables-de-byd-ont-depasse-les-300-000-en-mars-2024\/","title":{"rendered":"Les ventes mondiales de voitures rechargeables de BYD ont d\u00e9pass\u00e9 les 300 000 en mars 2024"},"content":{"rendered":"<p><img decoding=\"async\" src=\"https:\/\/www.evearly.news\/fr\/wp-content\/uploads\/sites\/6\/2024\/04\/les-ventes-mondiales-de-voitures-rechargeables-de-byd-ont-depasse-les-300-000-en-mars-2024.webp\" alt=\"insideevs\"><br \/>Il s&rsquo;agit du deuxi\u00e8me r\u00e9sultat mensuel le plus \u00e9lev\u00e9 jamais enregistr\u00e9 par le constructeur. <a href=\"https:\/\/insideevs.fr\/news\/714667\/ventes-hybrides-rechargeables-chiffres-byd\/\" target=\"_blank\" rel=\"noopener\">Lire la suite&#8230;<\/a><\/p>\n","protected":false},"excerpt":{"rendered":"<p><img decoding=\"async\" src=\"https:\/\/www.evearly.news\/fr\/wp-content\/uploads\/sites\/6\/2024\/04\/les-ventes-mondiales-de-voitures-rechargeables-de-byd-ont-depasse-les-300-000-en-mars-2024.webp\" alt=\"insideevs\"><br \/>Il s&rsquo;agit du deuxi\u00e8me r\u00e9sultat mensuel le plus \u00e9lev\u00e9 jamais enregistr\u00e9 par le constructeur.<\/p>\n<p> <a class=\"continue-reading-link\" href=\"https:\/\/www.evearly.news\/fr\/les-ventes-mondiales-de-voitures-rechargeables-de-byd-ont-depasse-les-300-000-en-mars-2024\/\"><\/a><\/p>\n","protected":false},"author":14,"featured_media":278088,"comment_status":"closed","ping_status":"open","sticky":false,"template":"Default","format":"standard","meta":{"footnotes":""},"categories":[15],"tags":[],"class_list":["post-278087","post","type-post","status-publish","format-standard","has-post-thumbnail","hentry","category-insideevs"],"_links":{"self":[{"href":"https:\/\/www.evearly.news\/fr\/wp-json\/wp\/v2\/posts\/278087","targetHints":{"allow":["GET"]}}],"collection":[{"href":"https:\/\/www.evearly.news\/fr\/wp-json\/wp\/v2\/posts"}],"about":[{"href":"https:\/\/www.evearly.news\/fr\/wp-json\/wp\/v2\/types\/post"}],"author":[{"embeddable":true,"href":"https:\/\/www.evearly.news\/fr\/wp-json\/wp\/v2\/users\/14"}],"replies":[{"embeddable":true,"href":"https:\/\/www.evearly.news\/fr\/wp-json\/wp\/v2\/comments?post=278087"}],"version-history":[{"count":0,"href":"https:\/\/www.evearly.news\/fr\/wp-json\/wp\/v2\/posts\/278087\/revisions"}],"wp:featuredmedia":[{"embeddable":true,"href":"https:\/\/www.evearly.news\/fr\/wp-json\/wp\/v2\/media\/278088"}],"wp:attachment":[{"href":"https:\/\/www.evearly.news\/fr\/wp-json\/wp\/v2\/media?parent=278087"}],"wp:term":[{"taxonomy":"category","embeddable":true,"href":"https:\/\/www.evearly.news\/fr\/wp-json\/wp\/v2\/categories?post=278087"},{"taxonomy":"post_tag","embeddable":true,"href":"https:\/\/www.evearly.news\/fr\/wp-json\/wp\/v2\/tags?post=278087"}],"curies":[{"name":"wp","href":"https:\/\/api.w.org\/{rel}","templated":true}]}}