{"id":278115,"date":"2024-04-03T17:21:00","date_gmt":"2024-04-03T15:21:00","guid":{"rendered":"https:\/\/www.evearly.news\/fr\/nissan-et-mitsubishi-vont-developper-ensemble-un-pick-up-electrique\/"},"modified":"2024-04-03T17:21:00","modified_gmt":"2024-04-03T15:21:00","slug":"nissan-et-mitsubishi-vont-developper-ensemble-un-pick-up-electrique","status":"publish","type":"post","link":"https:\/\/www.evearly.news\/fr\/nissan-et-mitsubishi-vont-developper-ensemble-un-pick-up-electrique\/","title":{"rendered":"Nissan et Mitsubishi vont d\u00e9velopper ensemble un pick-up \u00e9lectrique"},"content":{"rendered":"<p><img decoding=\"async\" width=\"500\" height=\"333\" src=\"https:\/\/www.evearly.news\/fr\/wp-content\/uploads\/sites\/6\/2024\/04\/nissan-et-mitsubishi-vont-developper-ensemble-un-pick-up-electrique.jpg\" class=\"attachment-1200x800 size-1200x800 wp-post-image\" alt=\"\" loading=\"lazy\" srcset=\"https:\/\/www.evearly.news\/fr\/wp-content\/uploads\/sites\/6\/2024\/04\/nissan-et-mitsubishi-vont-developper-ensemble-un-pick-up-electrique.jpg 1136w, https:\/\/www.evearly.news\/fr\/wp-content\/uploads\/sites\/6\/2024\/04\/nissan-et-mitsubishi-vont-developper-ensemble-un-pick-up-electrique-1.jpg 1024w, https:\/\/www.evearly.news\/fr\/wp-content\/uploads\/sites\/6\/2024\/04\/nissan-et-mitsubishi-vont-developper-ensemble-un-pick-up-electrique-2.jpg 768w, https:\/\/cdn.automobile-propre.com\/uploads\/2024\/04\/nissan-mitsubishi-pick-up-551x413.jpg 551w\" sizes=\"auto, (max-width: 1067px) 100vw, 1067px\" \/><br \/>\nPour rattraper leur retard sur le segment de l\u2019\u00e9lectrique, Nissan et Mitsubishi ont d\u00e9cid\u00e9 d\u2019unir leurs forces. Ensemble, les deux\u2026\u00a0<a href=\"https:\/\/www.automobile-propre.com\/ensemble-nissan-et-mitsubishi-vont-developper-un-pick-up-100-electrique-destine-au-marche-americain\/\" target='bwindow' rel=\"noopener\">Lire la suite&#8230;<\/a><\/p>\n","protected":false},"excerpt":{"rendered":"<p>&#8230; <a class=\"continue-reading-link\" href=\"https:\/\/www.evearly.news\/fr\/nissan-et-mitsubishi-vont-developper-ensemble-un-pick-up-electrique\/\"><\/a><\/p>\n","protected":false},"author":8,"featured_media":278116,"comment_status":"closed","ping_status":"open","sticky":false,"template":"Default","format":"standard","meta":{"footnotes":""},"categories":[8],"tags":[],"class_list":["post-278115","post","type-post","status-publish","format-standard","has-post-thumbnail","hentry","category-automobile-propre"],"_links":{"self":[{"href":"https:\/\/www.evearly.news\/fr\/wp-json\/wp\/v2\/posts\/278115","targetHints":{"allow":["GET"]}}],"collection":[{"href":"https:\/\/www.evearly.news\/fr\/wp-json\/wp\/v2\/posts"}],"about":[{"href":"https:\/\/www.evearly.news\/fr\/wp-json\/wp\/v2\/types\/post"}],"author":[{"embeddable":true,"href":"https:\/\/www.evearly.news\/fr\/wp-json\/wp\/v2\/users\/8"}],"replies":[{"embeddable":true,"href":"https:\/\/www.evearly.news\/fr\/wp-json\/wp\/v2\/comments?post=278115"}],"version-history":[{"count":0,"href":"https:\/\/www.evearly.news\/fr\/wp-json\/wp\/v2\/posts\/278115\/revisions"}],"wp:featuredmedia":[{"embeddable":true,"href":"https:\/\/www.evearly.news\/fr\/wp-json\/wp\/v2\/media\/278116"}],"wp:attachment":[{"href":"https:\/\/www.evearly.news\/fr\/wp-json\/wp\/v2\/media?parent=278115"}],"wp:term":[{"taxonomy":"category","embeddable":true,"href":"https:\/\/www.evearly.news\/fr\/wp-json\/wp\/v2\/categories?post=278115"},{"taxonomy":"post_tag","embeddable":true,"href":"https:\/\/www.evearly.news\/fr\/wp-json\/wp\/v2\/tags?post=278115"}],"curies":[{"name":"wp","href":"https:\/\/api.w.org\/{rel}","templated":true}]}}