{"id":278339,"date":"2024-04-07T15:51:57","date_gmt":"2024-04-07T13:51:57","guid":{"rendered":"https:\/\/www.evearly.news\/fr\/la-fin-dune-ere-smart-a-produit-la-derniere-fortwo-eq-electrique\/"},"modified":"2024-04-07T15:51:57","modified_gmt":"2024-04-07T13:51:57","slug":"la-fin-dune-ere-smart-a-produit-la-derniere-fortwo-eq-electrique","status":"publish","type":"post","link":"https:\/\/www.evearly.news\/fr\/la-fin-dune-ere-smart-a-produit-la-derniere-fortwo-eq-electrique\/","title":{"rendered":"La fin d\u2019une \u00e8re : Smart a produit la derni\u00e8re Fortwo EQ \u00e9lectrique"},"content":{"rendered":"<p><img loading=\"lazy\" decoding=\"async\" width=\"500\" height=\"333\" src=\"https:\/\/www.evearly.news\/fr\/wp-content\/uploads\/sites\/6\/2024\/04\/la-fin-dune-ere-smart-a-produit-la-derniere-fortwo-eq-electrique.jpg\" class=\"attachment-1200x800 size-1200x800 wp-post-image\" alt=\"\" srcset=\"https:\/\/www.evearly.news\/fr\/wp-content\/uploads\/sites\/6\/2024\/04\/la-fin-dune-ere-smart-a-produit-la-derniere-fortwo-eq-electrique.jpg 1600w, https:\/\/www.evearly.news\/fr\/wp-content\/uploads\/sites\/6\/2024\/04\/la-fin-dune-ere-smart-a-produit-la-derniere-fortwo-eq-electrique-1.jpg 1024w, https:\/\/www.evearly.news\/fr\/wp-content\/uploads\/sites\/6\/2024\/04\/la-fin-dune-ere-smart-a-produit-la-derniere-fortwo-eq-electrique-2.jpg 768w, https:\/\/www.evearly.news\/fr\/wp-content\/uploads\/sites\/6\/2024\/04\/la-fin-dune-ere-smart-a-produit-la-derniere-fortwo-eq-electrique-3.jpg 1536w, https:\/\/cdn.automobile-propre.com\/uploads\/2024\/04\/Derniere-Smart-ForTwo-EQ-524x413.jpg 524w\" sizes=\"auto, (max-width: 1016px) 100vw, 1016px\" \/><br \/>\nMercedes-Benz a mis un terme \u00e0 l&rsquo;aventure Smart sous sa coupe, apr\u00e8s plus de 25 ans. La derni\u00e8re ForTwo, dans sa version EQ \u00e9lectrique, a quitt\u00e9 les lignes de production \u00e0 Hambach.\u00a0<a href=\"https:\/\/www.automobile-propre.com\/breves\/la-fin-dune-ere-smart-a-produit-la-derniere-fortwo-eq-electrique\/\" target='bwindow' rel=\"noopener\">Lire la suite&#8230;<\/a><\/p>\n","protected":false},"excerpt":{"rendered":"<p>&#8230; <a class=\"continue-reading-link\" href=\"https:\/\/www.evearly.news\/fr\/la-fin-dune-ere-smart-a-produit-la-derniere-fortwo-eq-electrique\/\"><\/a><\/p>\n","protected":false},"author":8,"featured_media":278340,"comment_status":"closed","ping_status":"open","sticky":false,"template":"Default","format":"standard","meta":{"footnotes":""},"categories":[8],"tags":[],"class_list":["post-278339","post","type-post","status-publish","format-standard","has-post-thumbnail","hentry","category-automobile-propre"],"_links":{"self":[{"href":"https:\/\/www.evearly.news\/fr\/wp-json\/wp\/v2\/posts\/278339","targetHints":{"allow":["GET"]}}],"collection":[{"href":"https:\/\/www.evearly.news\/fr\/wp-json\/wp\/v2\/posts"}],"about":[{"href":"https:\/\/www.evearly.news\/fr\/wp-json\/wp\/v2\/types\/post"}],"author":[{"embeddable":true,"href":"https:\/\/www.evearly.news\/fr\/wp-json\/wp\/v2\/users\/8"}],"replies":[{"embeddable":true,"href":"https:\/\/www.evearly.news\/fr\/wp-json\/wp\/v2\/comments?post=278339"}],"version-history":[{"count":0,"href":"https:\/\/www.evearly.news\/fr\/wp-json\/wp\/v2\/posts\/278339\/revisions"}],"wp:featuredmedia":[{"embeddable":true,"href":"https:\/\/www.evearly.news\/fr\/wp-json\/wp\/v2\/media\/278340"}],"wp:attachment":[{"href":"https:\/\/www.evearly.news\/fr\/wp-json\/wp\/v2\/media?parent=278339"}],"wp:term":[{"taxonomy":"category","embeddable":true,"href":"https:\/\/www.evearly.news\/fr\/wp-json\/wp\/v2\/categories?post=278339"},{"taxonomy":"post_tag","embeddable":true,"href":"https:\/\/www.evearly.news\/fr\/wp-json\/wp\/v2\/tags?post=278339"}],"curies":[{"name":"wp","href":"https:\/\/api.w.org\/{rel}","templated":true}]}}