{"id":278453,"date":"2024-04-09T11:58:17","date_gmt":"2024-04-09T09:58:17","guid":{"rendered":"https:\/\/www.evearly.news\/fr\/voici-le-prix-de-la-1ere-voiture-electrique-dotee-dune-batterie-solide-avec-1000-km-dautonomie\/"},"modified":"2024-04-09T11:58:17","modified_gmt":"2024-04-09T09:58:17","slug":"voici-le-prix-de-la-1ere-voiture-electrique-dotee-dune-batterie-solide-avec-1000-km-dautonomie","status":"publish","type":"post","link":"https:\/\/www.evearly.news\/fr\/voici-le-prix-de-la-1ere-voiture-electrique-dotee-dune-batterie-solide-avec-1000-km-dautonomie\/","title":{"rendered":"Voici le prix de la 1\u00e8re voiture \u00e9lectrique dot\u00e9e d\u2019une batterie solide avec 1000 km d\u2019autonomie"},"content":{"rendered":"<p><img width=\"1200\" height=\"675\" src=\"https:\/\/www.evearly.news\/fr\/wp-content\/uploads\/sites\/6\/2024\/04\/voici-le-prix-de-la-1ere-voiture-electrique-dotee-dune-batterie-solide-avec-1000-km-dautonomie.jpg\" class=\"attachment-large size-large wp-post-image\" alt=\"\" decoding=\"async\" loading=\"lazy\" \/<br \/>La nouvelle IM L6, r\u00e9cemment d\u00e9voil\u00e9e au salon de Gen\u00e8ve, vient d&rsquo;annoncer ses tarifs en Chine. La voiture \u00e9lectrique aux 1 000 kilom\u00e8tres d&rsquo;autonomie (avec sa batterie solide) d\u00e9marre alors \u00e0 moins de 30 000 euros dans son pays natal. Mais \u00e7a ne sera pas le cas chez nous, et encore moins pour la version \u00e0 1 000 km d&rsquo;autonomie. <a href=\"https:\/\/www.frandroid.com\/survoltes\/voitures-electriques\/1989404_voici-le-prix-de-la-1ere-voiture-electrique-dotee-dune-batterie-solide-avec-1000-km-dautonomie\" target=\"blank\" rel=\"noopener\">Lire la suite&#8230;<\/a><\/p>\n","protected":false},"excerpt":{"rendered":"<p>&lt;img width=&quot;1200&quot; height=&quot;675&quot; src=&quot;https:\/\/www.evearly.news\/fr\/wp-content\/uploads\/sites\/6\/2024\/04\/voici-le-prix-de-la-1ere-voiture-electrique-dotee-dune-batterie-solide-avec-1000-km-dautonomie.jpg&quot; class=&quot;attachment-large size-large wp-post-image&quot; alt=&quot;&quot; decoding=&quot;async&quot; loading=&quot;lazy&quot; \/<br \/>La nouvelle IM L6, r\u00e9cemment d\u00e9voil\u00e9e au salon de Gen\u00e8ve, vient d&rsquo;annoncer ses tarifs en Chine. La voiture \u00e9lectrique aux 1 000 kilom\u00e8tres d&rsquo;autonomie (avec sa batterie solide) d\u00e9marre alors \u00e0 moins de 30 000 euros dans son pays natal. Mais \u00e7a ne sera pas le cas chez nous, et encore moins pour la version \u00e0 1 000 km d&rsquo;autonomie.<\/p>\n<p> <a class=\"continue-reading-link\" href=\"https:\/\/www.evearly.news\/fr\/voici-le-prix-de-la-1ere-voiture-electrique-dotee-dune-batterie-solide-avec-1000-km-dautonomie\/\"><\/a><\/p>\n","protected":false},"author":6,"featured_media":278454,"comment_status":"closed","ping_status":"open","sticky":false,"template":"Default","format":"standard","meta":{"footnotes":""},"categories":[14],"tags":[],"class_list":["post-278453","post","type-post","status-publish","format-standard","has-post-thumbnail","hentry","category-frandroid"],"_links":{"self":[{"href":"https:\/\/www.evearly.news\/fr\/wp-json\/wp\/v2\/posts\/278453","targetHints":{"allow":["GET"]}}],"collection":[{"href":"https:\/\/www.evearly.news\/fr\/wp-json\/wp\/v2\/posts"}],"about":[{"href":"https:\/\/www.evearly.news\/fr\/wp-json\/wp\/v2\/types\/post"}],"author":[{"embeddable":true,"href":"https:\/\/www.evearly.news\/fr\/wp-json\/wp\/v2\/users\/6"}],"replies":[{"embeddable":true,"href":"https:\/\/www.evearly.news\/fr\/wp-json\/wp\/v2\/comments?post=278453"}],"version-history":[{"count":0,"href":"https:\/\/www.evearly.news\/fr\/wp-json\/wp\/v2\/posts\/278453\/revisions"}],"wp:featuredmedia":[{"embeddable":true,"href":"https:\/\/www.evearly.news\/fr\/wp-json\/wp\/v2\/media\/278454"}],"wp:attachment":[{"href":"https:\/\/www.evearly.news\/fr\/wp-json\/wp\/v2\/media?parent=278453"}],"wp:term":[{"taxonomy":"category","embeddable":true,"href":"https:\/\/www.evearly.news\/fr\/wp-json\/wp\/v2\/categories?post=278453"},{"taxonomy":"post_tag","embeddable":true,"href":"https:\/\/www.evearly.news\/fr\/wp-json\/wp\/v2\/tags?post=278453"}],"curies":[{"name":"wp","href":"https:\/\/api.w.org\/{rel}","templated":true}]}}