{"id":278477,"date":"2024-04-09T17:20:05","date_gmt":"2024-04-09T15:20:05","guid":{"rendered":"https:\/\/www.evearly.news\/fr\/volvo-se-felicite-de-ses-ventes-de-voitures-electriques-mais\/"},"modified":"2024-04-09T17:20:05","modified_gmt":"2024-04-09T15:20:05","slug":"volvo-se-felicite-de-ses-ventes-de-voitures-electriques-mais","status":"publish","type":"post","link":"https:\/\/www.evearly.news\/fr\/volvo-se-felicite-de-ses-ventes-de-voitures-electriques-mais\/","title":{"rendered":"Volvo se f\u00e9licite de ses ventes de voitures \u00e9lectriques, mais&#8230;"},"content":{"rendered":"<p><img decoding=\"async\" src=\"https:\/\/www.evearly.news\/fr\/wp-content\/uploads\/sites\/6\/2024\/04\/volvo-se-felicite-de-ses-ventes-de-voitures-electriques-mais.jpg\"\/><br \/>\n\t\t\t\t\tEn croissance depuis le d\u00e9but de l&rsquo;ann\u00e9e, Volvo s&rsquo;entousiasme sur la progression des ventes de ses voitures \u00e9lectriques. Dans son mois de mars \u00e0 la part de march\u00e9 historique, ces ventes n&rsquo;atteignent toutefois que 23% du total mondial et plongent aux Etats-Unis. Pour rappel, la marque ambitionne de devenir 100% \u00e9lectrique en 2030. <a href=\"https:\/\/www.caradisiac.com\/volvo-se-felicite-de-ses-ventes-de-voitures-electriques-mais-208143.htm#xtor=RSS-40\" target=\"blank\" rel=\"noopener\">Lire la suite&#8230;<\/a><\/p>\n","protected":false},"excerpt":{"rendered":"<p><img decoding=\"async\" src=\"https:\/\/www.evearly.news\/fr\/wp-content\/uploads\/sites\/6\/2024\/04\/volvo-se-felicite-de-ses-ventes-de-voitures-electriques-mais.jpg\" \/><br \/>\n\t\t\t\t\tEn croissance depuis le d\u00e9but de l&rsquo;ann\u00e9e, Volvo s&rsquo;entousiasme sur la progression des ventes de ses voitures \u00e9lectriques. Dans son mois de mars \u00e0 la part de march\u00e9 historique, ces ventes n&rsquo;atteignent toutefois que 23% du total mondial et plongent aux Etats-Unis. Pour rappel, la marque ambitionne de devenir 100% \u00e9lectrique en 2030.<\/p>\n<p> <a class=\"continue-reading-link\" href=\"https:\/\/www.evearly.news\/fr\/volvo-se-felicite-de-ses-ventes-de-voitures-electriques-mais\/\"><\/a><\/p>\n","protected":false},"author":11,"featured_media":278478,"comment_status":"closed","ping_status":"open","sticky":false,"template":"Default","format":"standard","meta":{"footnotes":""},"categories":[11],"tags":[],"class_list":["post-278477","post","type-post","status-publish","format-standard","has-post-thumbnail","hentry","category-caradisiac"],"_links":{"self":[{"href":"https:\/\/www.evearly.news\/fr\/wp-json\/wp\/v2\/posts\/278477","targetHints":{"allow":["GET"]}}],"collection":[{"href":"https:\/\/www.evearly.news\/fr\/wp-json\/wp\/v2\/posts"}],"about":[{"href":"https:\/\/www.evearly.news\/fr\/wp-json\/wp\/v2\/types\/post"}],"author":[{"embeddable":true,"href":"https:\/\/www.evearly.news\/fr\/wp-json\/wp\/v2\/users\/11"}],"replies":[{"embeddable":true,"href":"https:\/\/www.evearly.news\/fr\/wp-json\/wp\/v2\/comments?post=278477"}],"version-history":[{"count":0,"href":"https:\/\/www.evearly.news\/fr\/wp-json\/wp\/v2\/posts\/278477\/revisions"}],"wp:featuredmedia":[{"embeddable":true,"href":"https:\/\/www.evearly.news\/fr\/wp-json\/wp\/v2\/media\/278478"}],"wp:attachment":[{"href":"https:\/\/www.evearly.news\/fr\/wp-json\/wp\/v2\/media?parent=278477"}],"wp:term":[{"taxonomy":"category","embeddable":true,"href":"https:\/\/www.evearly.news\/fr\/wp-json\/wp\/v2\/categories?post=278477"},{"taxonomy":"post_tag","embeddable":true,"href":"https:\/\/www.evearly.news\/fr\/wp-json\/wp\/v2\/tags?post=278477"}],"curies":[{"name":"wp","href":"https:\/\/api.w.org\/{rel}","templated":true}]}}