{"id":278483,"date":"2024-04-09T18:54:24","date_gmt":"2024-04-09T16:54:24","guid":{"rendered":"https:\/\/www.evearly.news\/fr\/premieres-impressions-a-bord-du-nouvel-audi-q6-electrique-de-serie\/"},"modified":"2024-04-09T18:54:24","modified_gmt":"2024-04-09T16:54:24","slug":"premieres-impressions-a-bord-du-nouvel-audi-q6-electrique-de-serie","status":"publish","type":"post","link":"https:\/\/www.evearly.news\/fr\/premieres-impressions-a-bord-du-nouvel-audi-q6-electrique-de-serie\/","title":{"rendered":"Premi\u00e8res impressions \u00e0 bord du nouvel Audi Q6 \u00e9lectrique de s\u00e9rie"},"content":{"rendered":"<div class=\"media_block\"><img decoding=\"async\" src=\"https:\/\/www.evearly.news\/fr\/wp-content\/uploads\/sites\/6\/2024\/04\/premieres-impressions-a-bord-du-nouvel-audi-q6-electrique-de-serie.jpg\"><\/div>\n<p>Audi pr\u00e9sente sa grande nouveaut\u00e9 de 2024 : le Q6 e-tron. Reposant sur la m\u00eame plateforme que le Porsche Macan \u00e9lectrique, le SUV \u00e0 quatre anneaux peut compter sur une batterie de 100 kWh offrant jusqu\u2019\u00e0 625 km d\u2019autonomie. La commercialisation est pr\u00e9vue fin mars avec un prix d\u00e9marrant \u00e0 83 450 \u20ac pour le Q6 et 99 870 \u20ac pour le SQ6. <a href=\"https:\/\/www.automobile-magazine.fr\/nouveautes\/article\/42288-premieres-impressions-a-bord-du-nouvel-audi-q6-electrique-de-serie\" target='bwindow' rel=\"noopener\">Lire la suite&#8230;<\/a><\/p>\n","protected":false},"excerpt":{"rendered":"<div class=\"media_block\"><img decoding=\"async\" src=\"https:\/\/www.evearly.news\/fr\/wp-content\/uploads\/sites\/6\/2024\/04\/premieres-impressions-a-bord-du-nouvel-audi-q6-electrique-de-serie.jpg\"><\/div>\n<p> <a class=\"continue-reading-link\" href=\"https:\/\/www.evearly.news\/fr\/premieres-impressions-a-bord-du-nouvel-audi-q6-electrique-de-serie\/\"><\/a><\/p>\n","protected":false},"author":7,"featured_media":278484,"comment_status":"closed","ping_status":"open","sticky":false,"template":"Default","format":"standard","meta":{"footnotes":""},"categories":[7],"tags":[],"class_list":["post-278483","post","type-post","status-publish","format-standard","has-post-thumbnail","hentry","category-automobile-magazine"],"_links":{"self":[{"href":"https:\/\/www.evearly.news\/fr\/wp-json\/wp\/v2\/posts\/278483","targetHints":{"allow":["GET"]}}],"collection":[{"href":"https:\/\/www.evearly.news\/fr\/wp-json\/wp\/v2\/posts"}],"about":[{"href":"https:\/\/www.evearly.news\/fr\/wp-json\/wp\/v2\/types\/post"}],"author":[{"embeddable":true,"href":"https:\/\/www.evearly.news\/fr\/wp-json\/wp\/v2\/users\/7"}],"replies":[{"embeddable":true,"href":"https:\/\/www.evearly.news\/fr\/wp-json\/wp\/v2\/comments?post=278483"}],"version-history":[{"count":0,"href":"https:\/\/www.evearly.news\/fr\/wp-json\/wp\/v2\/posts\/278483\/revisions"}],"wp:featuredmedia":[{"embeddable":true,"href":"https:\/\/www.evearly.news\/fr\/wp-json\/wp\/v2\/media\/278484"}],"wp:attachment":[{"href":"https:\/\/www.evearly.news\/fr\/wp-json\/wp\/v2\/media?parent=278483"}],"wp:term":[{"taxonomy":"category","embeddable":true,"href":"https:\/\/www.evearly.news\/fr\/wp-json\/wp\/v2\/categories?post=278483"},{"taxonomy":"post_tag","embeddable":true,"href":"https:\/\/www.evearly.news\/fr\/wp-json\/wp\/v2\/tags?post=278483"}],"curies":[{"name":"wp","href":"https:\/\/api.w.org\/{rel}","templated":true}]}}