{"id":278754,"date":"2024-04-13T11:22:00","date_gmt":"2024-04-13T09:22:00","guid":{"rendered":"https:\/\/www.evearly.news\/fr\/avec-cette-batterie-a-la-duree-de-vie-hallucinante-la-voiture-thermique-cest-fini\/"},"modified":"2024-04-13T11:22:00","modified_gmt":"2024-04-13T09:22:00","slug":"avec-cette-batterie-a-la-duree-de-vie-hallucinante-la-voiture-thermique-cest-fini","status":"publish","type":"post","link":"https:\/\/www.evearly.news\/fr\/avec-cette-batterie-a-la-duree-de-vie-hallucinante-la-voiture-thermique-cest-fini\/","title":{"rendered":"Avec cette batterie \u00e0 la dur\u00e9e de vie hallucinante, la voiture thermique, c\u2019est fini !"},"content":{"rendered":"<p><img decoding=\"async\" width=\"500\" height=\"333\" src=\"https:\/\/www.evearly.news\/fr\/wp-content\/uploads\/sites\/6\/2024\/04\/avec-cette-batterie-a-la-duree-de-vie-hallucinante-la-voiture-thermique-cest-fini.jpg\" class=\"attachment-1200x800 size-1200x800 wp-post-image\" alt=\"\" loading=\"lazy\" srcset=\"https:\/\/www.evearly.news\/fr\/wp-content\/uploads\/sites\/6\/2024\/04\/avec-cette-batterie-a-la-duree-de-vie-hallucinante-la-voiture-thermique-cest-fini.jpg 1680w, https:\/\/www.evearly.news\/fr\/wp-content\/uploads\/sites\/6\/2024\/04\/avec-cette-batterie-a-la-duree-de-vie-hallucinante-la-voiture-thermique-cest-fini-1.jpg 1640w, https:\/\/www.evearly.news\/fr\/wp-content\/uploads\/sites\/6\/2024\/04\/avec-cette-batterie-a-la-duree-de-vie-hallucinante-la-voiture-thermique-cest-fini-2.jpg 1024w, https:\/\/www.evearly.news\/fr\/wp-content\/uploads\/sites\/6\/2024\/04\/avec-cette-batterie-a-la-duree-de-vie-hallucinante-la-voiture-thermique-cest-fini-3.jpg 768w, https:\/\/www.evearly.news\/fr\/wp-content\/uploads\/sites\/6\/2024\/04\/avec-cette-batterie-a-la-duree-de-vie-hallucinante-la-voiture-thermique-cest-fini-4.jpg 1536w, https:\/\/cdn.automobile-propre.com\/uploads\/2024\/04\/new-catl-lfp-batterie-551x413.jpg 551w\" sizes=\"auto, (max-width: 1067px) 100vw, 1067px\" \/><br \/>\nCATL a r\u00e9cemment annonc\u00e9 la commercialisation \u00e0 venir d\u2019une batterie lithium-fer-phosphate (LFP) garantie 1,5 million de kilom\u00e8tres. CATL met le\u2026\u00a0<a href=\"https:\/\/www.automobile-propre.com\/cette-batterie-garantie-15-million-de-kilometres-peut-elle-sceller-le-sort-des-voitures-thermiques\/\" target='bwindow' rel=\"noopener\">Lire la suite&#8230;<\/a><\/p>\n","protected":false},"excerpt":{"rendered":"<p>&#8230; <a class=\"continue-reading-link\" href=\"https:\/\/www.evearly.news\/fr\/avec-cette-batterie-a-la-duree-de-vie-hallucinante-la-voiture-thermique-cest-fini\/\"><\/a><\/p>\n","protected":false},"author":8,"featured_media":278755,"comment_status":"closed","ping_status":"open","sticky":false,"template":"Default","format":"standard","meta":{"footnotes":""},"categories":[8],"tags":[],"class_list":["post-278754","post","type-post","status-publish","format-standard","has-post-thumbnail","hentry","category-automobile-propre"],"_links":{"self":[{"href":"https:\/\/www.evearly.news\/fr\/wp-json\/wp\/v2\/posts\/278754","targetHints":{"allow":["GET"]}}],"collection":[{"href":"https:\/\/www.evearly.news\/fr\/wp-json\/wp\/v2\/posts"}],"about":[{"href":"https:\/\/www.evearly.news\/fr\/wp-json\/wp\/v2\/types\/post"}],"author":[{"embeddable":true,"href":"https:\/\/www.evearly.news\/fr\/wp-json\/wp\/v2\/users\/8"}],"replies":[{"embeddable":true,"href":"https:\/\/www.evearly.news\/fr\/wp-json\/wp\/v2\/comments?post=278754"}],"version-history":[{"count":0,"href":"https:\/\/www.evearly.news\/fr\/wp-json\/wp\/v2\/posts\/278754\/revisions"}],"wp:featuredmedia":[{"embeddable":true,"href":"https:\/\/www.evearly.news\/fr\/wp-json\/wp\/v2\/media\/278755"}],"wp:attachment":[{"href":"https:\/\/www.evearly.news\/fr\/wp-json\/wp\/v2\/media?parent=278754"}],"wp:term":[{"taxonomy":"category","embeddable":true,"href":"https:\/\/www.evearly.news\/fr\/wp-json\/wp\/v2\/categories?post=278754"},{"taxonomy":"post_tag","embeddable":true,"href":"https:\/\/www.evearly.news\/fr\/wp-json\/wp\/v2\/tags?post=278754"}],"curies":[{"name":"wp","href":"https:\/\/api.w.org\/{rel}","templated":true}]}}